{"id":62620,"date":"2022-04-26T15:27:31","date_gmt":"2022-04-26T15:27:31","guid":{"rendered":"https:\/\/jorgezanoni.com.br\/2019\/?p=62620"},"modified":"2022-04-26T15:27:31","modified_gmt":"2022-04-26T15:27:31","slug":"presidente-da-federacao-das-apaes-do-estado-de-sao-paulo-visita-dracena-na-sexta-feira","status":"publish","type":"post","link":"https:\/\/jorgezanoni.com.br\/2019\/presidente-da-federacao-das-apaes-do-estado-de-sao-paulo-visita-dracena-na-sexta-feira\/","title":{"rendered":"Presidente da Federa\u00e7\u00e3o das APAES do Estado de S\u00e3o Paulo visita Dracena na sexta-feira"},"content":{"rendered":"<p class=\"v1MsoNormal\" style=\"text-align: justify;\"><b>APAES da regi\u00e3o de Osvaldo Cruz recebem presidente da FEAPAES-SP para discutir pleitos do movimento.<\/b><b>\u00a0<\/b><\/p>\n<p class=\"v1MsoNormal\" style=\"text-align: justify;\">A presidente da Federa\u00e7\u00e3o das APAES do Estado de S\u00e3o Paulo (FEAPAES-SP) Vera Lucia Ferreira visitar\u00e1 nos dias 28 e 29 de abril, 8 APAES localizadas na regi\u00e3o de Osvaldo Cruz, cidade sede do Conselho Administrativo Estrelas da Alta Paulista.<b>\u00a0<\/b><\/p>\n<p class=\"v1MsoNormal\" style=\"text-align: justify;\">De acordo com Vera, as visitas s\u00e3o essenciais para o alinhamento das defesas realizadas pelo movimento paulista. &#8220;O objetivo das visitas \u00e9 conhecer a realidade de cada entidade, levar experi\u00eancias e proporcionar a troca de conhecimento para melhor atender as pessoas com defici\u00eancias que s\u00e3o o p\u00fablico do movimento apaeano. Al\u00e9m disso, esses encontros s\u00e3o fundamentais para alinhar nossas defesas e aproximar as institui\u00e7\u00f5es&#8221;, explica.<\/p>\n<p class=\"v1MsoNormal\" style=\"text-align: justify;\">Os encontros s\u00e3o abertos aos usu\u00e1rios, fam\u00edlias, diretores e colaboradores.<\/p>\n<p class=\"v1MsoNormal\" style=\"text-align: justify;\">Al\u00e9m das visitas t\u00e9cnicas, a presidente participar\u00e1 do evento de comemora\u00e7\u00e3o dos 50 anos da APAE de Dracena, no dia 29 de abril.<\/p>\n<p class=\"v1MsoNormal\" style=\"text-align: justify;\"><b>Agenda:<\/b><\/p>\n<p class=\"v1MsoNormal\" style=\"text-align: justify;\"><b>28\/04\/2022 \u2013 Quinta-feira<\/b><b>\u00a0<\/b><\/p>\n<p class=\"v1MsoNormal\" style=\"text-align: justify;\">Pomp\u00e9ia &#8211; 9h30;\u00a0Bastos \u2013 14h;\u00a0Osvaldo Cruz \u2013 16h<b>\u00a0<\/b><\/p>\n<p class=\"v1MsoNormal\" style=\"text-align: justify;\"><b>29\/04\/2022 &#8211; Sexta-feira<\/b><b>\u00a0<\/b><\/p>\n<p class=\"v1MsoNormal\" style=\"text-align: justify;\">Luc\u00e9lia-\u00a0\u00a08h30;\u00a0Adamantina &#8211; 10h30;\u00a0Tupi Paulista \u2013 14h,\u00a0Panorama \u2013 16h e\u00a0Dracena \u2013 19h30<\/p>\n<p style=\"text-align: justify;\">Fonte: FEAPAES-SP<\/p>\n","protected":false},"excerpt":{"rendered":"<p>APAES da regi\u00e3o de Osvaldo Cruz recebem presidente da FEAPAES-SP para discutir pleitos do movimento.\u00a0 A presidente da Federa\u00e7\u00e3o das APAES do Estado de S\u00e3o Paulo (FEAPAES-SP) Vera Lucia Ferreira visitar\u00e1 nos dias 28 e 29 de abril, 8 APAES localizadas na regi\u00e3o de Osvaldo Cruz, cidade sede do Conselho Administrativo Estrelas da Alta Paulista.\u00a0 [&hellip;]<\/p>\n","protected":false},"author":1,"featured_media":62621,"comment_status":"closed","ping_status":"open","sticky":false,"template":"","format":"standard","meta":{"footnotes":""},"categories":[114,110],"tags":[],"class_list":["post-62620","post","type-post","status-publish","format-standard","has-post-thumbnail","hentry","category-geralecomercio","category-noticiasdestaque"],"_links":{"self":[{"href":"https:\/\/jorgezanoni.com.br\/2019\/wp-json\/wp\/v2\/posts\/62620","targetHints":{"allow":["GET"]}}],"collection":[{"href":"https:\/\/jorgezanoni.com.br\/2019\/wp-json\/wp\/v2\/posts"}],"about":[{"href":"https:\/\/jorgezanoni.com.br\/2019\/wp-json\/wp\/v2\/types\/post"}],"author":[{"embeddable":true,"href":"https:\/\/jorgezanoni.com.br\/2019\/wp-json\/wp\/v2\/users\/1"}],"replies":[{"embeddable":true,"href":"https:\/\/jorgezanoni.com.br\/2019\/wp-json\/wp\/v2\/comments?post=62620"}],"version-history":[{"count":0,"href":"https:\/\/jorgezanoni.com.br\/2019\/wp-json\/wp\/v2\/posts\/62620\/revisions"}],"wp:featuredmedia":[{"embeddable":true,"href":"https:\/\/jorgezanoni.com.br\/2019\/wp-json\/wp\/v2\/media\/62621"}],"wp:attachment":[{"href":"https:\/\/jorgezanoni.com.br\/2019\/wp-json\/wp\/v2\/media?parent=62620"}],"wp:term":[{"taxonomy":"category","embeddable":true,"href":"https:\/\/jorgezanoni.com.br\/2019\/wp-json\/wp\/v2\/categories?post=62620"},{"taxonomy":"post_tag","embeddable":true,"href":"https:\/\/jorgezanoni.com.br\/2019\/wp-json\/wp\/v2\/tags?post=62620"}],"curies":[{"name":"wp","href":"https:\/\/api.w.org\/{rel}","templated":true}]}}