{"id":62617,"date":"2022-04-26T13:48:10","date_gmt":"2022-04-26T13:48:10","guid":{"rendered":"https:\/\/jorgezanoni.com.br\/2019\/?p=62617"},"modified":"2022-04-26T13:48:10","modified_gmt":"2022-04-26T13:48:10","slug":"policia-militar-prende-homem-por-trafico-de-drogas-em-dracena-6","status":"publish","type":"post","link":"https:\/\/jorgezanoni.com.br\/2019\/policia-militar-prende-homem-por-trafico-de-drogas-em-dracena-6\/","title":{"rendered":"Pol\u00edcia Militar prende homem por Tr\u00e1fico de Drogas em Dracena"},"content":{"rendered":"<p style=\"text-align: justify;\">NA DATA DE ONTEM (25) POR VOLTA DAS 12H DURANTE PATRULHAMENTO DE FOR\u00c7A T\u00c1TICA PELO MUNIC\u00cdPIO DE DRACENA, FOI AVISTADO O INDICIADO (HOMEM 23 ANOS) , FAZENDO CONTATO COM INDICIADO (HOMEM 30 ANOS). AMBOS FORAM ABORDADOS E DURANTE BUSCA PESSOAL, COM O HOMEM DE 30 ANOS FOI LOCALIZADO UMA POR\u00c7\u00c3O DE MACONHA EM SEU BOLSO (0,013kg E (9 POR\u00c7\u00d5ES);, E COM O HOMEM DE 23 ANOS DENTRO DE SUA POCHETE FOI LOCALIZADO R$19,00 EM DINHEIRO E BEM COMO 8 POR\u00c7\u00d5ES DE MACONHA EMBALADAS PRONTAS PARA VENDA. INDAGADO INDICIADO HOMEM 30 ANOS, INFORMOU SER USUARIO \u00c9 QUE COMPROU A DROGA QUE ESTAVA EM SEU BOLSO NAQUELE MOMENTO. INDAGADO O OUTRO INFORMOU ESTAR NA PRATICA DO TR\u00c1FICO PARA SE SUSTENTAR. UM CELULAR SANSUNG TAMB\u00c9M FOI APREENDIDO. FOI DADO VOZ DE PRIS\u00c3O PERMANECENDO O INDICIADO PRESO A DISPOSI\u00c7\u00c3O DA JUSTI\u00c7A.<\/p>\n<p>Fonte: Com. Social Pol\u00edcia Militar<\/p>\n","protected":false},"excerpt":{"rendered":"<p>NA DATA DE ONTEM (25) POR VOLTA DAS 12H DURANTE PATRULHAMENTO DE FOR\u00c7A T\u00c1TICA PELO MUNIC\u00cdPIO DE DRACENA, FOI AVISTADO O INDICIADO (HOMEM 23 ANOS) , FAZENDO CONTATO COM INDICIADO (HOMEM 30 ANOS). AMBOS FORAM ABORDADOS E DURANTE BUSCA PESSOAL, COM O HOMEM DE 30 ANOS FOI LOCALIZADO UMA POR\u00c7\u00c3O DE MACONHA EM SEU BOLSO [&hellip;]<\/p>\n","protected":false},"author":1,"featured_media":62618,"comment_status":"closed","ping_status":"open","sticky":false,"template":"","format":"standard","meta":{"footnotes":""},"categories":[110,2],"tags":[],"class_list":["post-62617","post","type-post","status-publish","format-standard","has-post-thumbnail","hentry","category-noticiasdestaque","category-policial"],"_links":{"self":[{"href":"https:\/\/jorgezanoni.com.br\/2019\/wp-json\/wp\/v2\/posts\/62617","targetHints":{"allow":["GET"]}}],"collection":[{"href":"https:\/\/jorgezanoni.com.br\/2019\/wp-json\/wp\/v2\/posts"}],"about":[{"href":"https:\/\/jorgezanoni.com.br\/2019\/wp-json\/wp\/v2\/types\/post"}],"author":[{"embeddable":true,"href":"https:\/\/jorgezanoni.com.br\/2019\/wp-json\/wp\/v2\/users\/1"}],"replies":[{"embeddable":true,"href":"https:\/\/jorgezanoni.com.br\/2019\/wp-json\/wp\/v2\/comments?post=62617"}],"version-history":[{"count":0,"href":"https:\/\/jorgezanoni.com.br\/2019\/wp-json\/wp\/v2\/posts\/62617\/revisions"}],"wp:featuredmedia":[{"embeddable":true,"href":"https:\/\/jorgezanoni.com.br\/2019\/wp-json\/wp\/v2\/media\/62618"}],"wp:attachment":[{"href":"https:\/\/jorgezanoni.com.br\/2019\/wp-json\/wp\/v2\/media?parent=62617"}],"wp:term":[{"taxonomy":"category","embeddable":true,"href":"https:\/\/jorgezanoni.com.br\/2019\/wp-json\/wp\/v2\/categories?post=62617"},{"taxonomy":"post_tag","embeddable":true,"href":"https:\/\/jorgezanoni.com.br\/2019\/wp-json\/wp\/v2\/tags?post=62617"}],"curies":[{"name":"wp","href":"https:\/\/api.w.org\/{rel}","templated":true}]}}