{"id":62614,"date":"2022-04-26T12:33:32","date_gmt":"2022-04-26T12:33:32","guid":{"rendered":"https:\/\/jorgezanoni.com.br\/2019\/?p=62614"},"modified":"2022-04-26T12:33:32","modified_gmt":"2022-04-26T12:33:32","slug":"apae-de-dracena-chega-aos-50-anos-com-muitas-historias-e-otimos-servicos-prestados-a-comunidade","status":"publish","type":"post","link":"https:\/\/jorgezanoni.com.br\/2019\/apae-de-dracena-chega-aos-50-anos-com-muitas-historias-e-otimos-servicos-prestados-a-comunidade\/","title":{"rendered":"APAE de Dracena chega aos 50 anos com muitas hist\u00f3rias e \u00f3timos servi\u00e7os prestados a comunidade"},"content":{"rendered":"<p style=\"text-align: justify;\">A ASSOCIA\u00c7\u00c3O DE PAIS E AMIGOS DOS EXCEPCIONAIS \u2013 APAE DE DRACENA \u00c9 UMA ENTIDADE BENEFICENTE, SEM FINS ECON\u00d4MICOS QUE PRESTA ATENDIMENTO ESPECIALIZADO \u00c0 APROXIMADAMENTE 221 PESSOAS COM DEFICI\u00caNCIA INTELECTUAL, M\u00daLTIPLA E TRANSTORNO DO ESPECTRO AUTISTA DE DRACENA E REGI\u00c3O NAS \u00c1REAS DA EDUCA\u00c7\u00c3O, SA\u00daDE E ASSIST\u00caNCIA SOCIAL.<\/p>\n<p style=\"text-align: justify;\">TEM 50 ANOS DE TRADI\u00c7\u00c3O, BASEADOS EM PRINC\u00cdPIOS QUE FAZEM DE SUA TRAJET\u00d3RIA UMA HIST\u00d3RIA DE AMOR E RESPEITO AO PR\u00d3XIMO.<\/p>\n<p style=\"text-align: justify;\">S\u00c3O 50 ANOS DE PROFISSIONALISMO E DEDICA\u00c7\u00c3O, UM PERCURSO DE ESFOR\u00c7OS JUNTO \u00c1 COMUNIDADE, PARCERIAS EMPRESARIAIS, VOLUNT\u00c1RIOS, COLABORADORES E \u00c0S ESFERAS:\u00a0 FEDERAL, ESTADUAL E MUNICIPAL.<\/p>\n<p style=\"text-align: justify;\">A HIST\u00d3RIA COME\u00c7A EM 27 DE ABRIL DE 1972, QUANDO ALGUMAS PESSOAS DA SOCIEDADE DRACENENSE SE REUNIRAM E ELABORARAM O PRIMEIRO ESTATUTO, FUNDANDO A INSTITUI\u00c7\u00c3O E ELEGENDO SUA PRIMEIRA DIRETORIA COM 7 ALUNOS E 1 PROFESSORA.<\/p>\n<p style=\"text-align: justify;\">EM 1980 A APAE TEM COMO MANTENEDORA A LOJA MA\u00c7\u00d4NICA \u201cUNI\u00c3O, JUSTI\u00c7A E AMOR\u201d.<\/p>\n<p style=\"text-align: justify;\">EM 1988 A ESCOLA RECEBE O NOME DE ESCOLA DE EDUCA\u00c7\u00c3O ESPECIAL PROFESSOR LEUZI GARDINI.<\/p>\n<p style=\"text-align: justify;\">NO DECORRER DESSES 50 ANOS MUITAS CONQUISTAS FORAM ALCAN\u00c7ADAS. JUNTOS DESENVOLVEMOS UM TRABALHO DE EXCEL\u00caNCIA E COMPROMETIMENTO COM A CAUSA APAEANA.<\/p>\n<p style=\"text-align: justify;\">A MISS\u00c3O DA APAE \u00c9 PROMOVER E ARTICULAR A\u00c7\u00d5ES DE DEFESA E GARANTIA DE DIREITOS, PREVEN\u00c7\u00c3O, PRESTA\u00c7\u00c3O DE SERVI\u00c7OS E APOIO \u00c0S FAM\u00cdLIAS, PARA MELHORIA DA QUALIDADE DE VIDA DA PESSOA COM DEFICI\u00caNCIA INTELECTUAL, M\u00daLTIPLA E TRANSTORNO DO ESPECTRO AUTISTA E SUAS FAM\u00cdLIAS QUE NOS FAZ ACREDITAR ESTARMOS NO CAMINHO CERTO, CRESCENDO CONSTANTEMENTE, CAPACITANDO E SENDO CAPACITADO.<\/p>\n<p style=\"text-align: justify;\">APAE \u00c9 EDUCA\u00c7\u00c3O: ESCOLA DE EDUCA\u00c7\u00c3O ESPECIAL, OFERECE ENSINO FUNDAMENTAL DE 1\u00ba AO 5\u00ba ANO NOS N\u00cdVEIS: ESCOLARIZA\u00c7\u00c3O INICIAL, PROGRAMA SOCIOEDUCACIONAL E INTRODU\u00c7\u00c3O A EDUCA\u00c7\u00c3O ESPECIAL PARA O TRABALHO.<\/p>\n<p style=\"text-align: justify;\">APAE \u00c9 SA\u00daDE: ATENDER DESTINAT\u00c1RIOS \u00c0 PARTIR DE 0 ANO COM OBJETIVO DE PROMOVER O DESENVOLVIMENTO GLOBAL A FIM DE QUE SUAS DIFICULDADES SEJAM MINIMIZADAS OU SUPERADAS DANDO AUTONOMIA E INDEPEND\u00caNCIA ATRAV\u00c9S DO DESENVOLVIMENTO DE SUA CAPACIDADE MOTORA, COGNITIVA E DE COMUNICA\u00c7\u00c3O RESPEITANDO SUAS LIMITA\u00c7\u00d5ES IMPOSTAS PELA PATOLOGIA.<\/p>\n<p style=\"text-align: justify;\">APAE \u00c9 ASSIST\u00caNCIA SOCIAL: REALIZAR ATENDIMENTOS AOS ALUNOS\/DESTINAT\u00c1RIOS E SEUS FAMILIARES, COORDENAR TRIAGENS, MATR\u00cdCULAS, DESLIGAMENTOS, ENCAMINHAMENTOS, ORIENTA\u00c7\u00d5ES, VISITAS DOMICILIARES, DESENVOLVIMENTO DE PROJETOS, TRABALHO EM GRUPO COM AS M\u00c3ES PARA FORTALECIMENTO DE V\u00cdNCULOS FAMILIARES E ACOMPANHAR OS DESTINAT\u00c1RIOS ACIMA DE 30 ANOS NO CENTRO DE CONVIV\u00caNCIA.<\/p>\n<p style=\"text-align: justify;\">OS RESULTADOS E O RECONHECIMENTO DO NOSSO TRABALHO ATRAV\u00c9S DOS NOSSOS ATENDIDOS V\u00caM NOS MOTIVAR AINDA MAIS. MAS NADA DISSO SERIA POSS\u00cdVEL, SEM DEUS E SEM NOSSOS PARCEIROS E COLABORADORES.<\/p>\n<p style=\"text-align: justify;\">A EQUIPE DE COLABORADORES COMPLETA NOSSA FAM\u00cdLIA E FORTALECE NOSSA CAUSA.<\/p>\n<p style=\"text-align: justify;\">O CAMINHO \u00c9 LONGO, MAS SABEMOS QUE SOMOS CAPAZES DE OFERTAR AOS ATENDIDOS AL\u00c9M DE UM TRABALHO DE QUALIDADE UM OLHAR DIFERENCIADO!<\/p>\n<p style=\"text-align: justify;\">APAE E VOC\u00ca, JUNTOS CONSTRUINDO UMA HIST\u00d3RIA DE IGUALDADE E DE OPORTUNIDADES PARA TODOS! VOC\u00ca FAZ PARTE DA DESSA HIST\u00d3RIA<\/p>\n<p style=\"text-align: justify;\">Fonte: APAE<\/p>\n","protected":false},"excerpt":{"rendered":"<p>A ASSOCIA\u00c7\u00c3O DE PAIS E AMIGOS DOS EXCEPCIONAIS \u2013 APAE DE DRACENA \u00c9 UMA ENTIDADE BENEFICENTE, SEM FINS ECON\u00d4MICOS QUE PRESTA ATENDIMENTO ESPECIALIZADO \u00c0 APROXIMADAMENTE 221 PESSOAS COM DEFICI\u00caNCIA INTELECTUAL, M\u00daLTIPLA E TRANSTORNO DO ESPECTRO AUTISTA DE DRACENA E REGI\u00c3O NAS \u00c1REAS DA EDUCA\u00c7\u00c3O, SA\u00daDE E ASSIST\u00caNCIA SOCIAL. TEM 50 ANOS DE TRADI\u00c7\u00c3O, BASEADOS EM [&hellip;]<\/p>\n","protected":false},"author":1,"featured_media":62615,"comment_status":"closed","ping_status":"open","sticky":false,"template":"","format":"standard","meta":{"footnotes":""},"categories":[114,110],"tags":[],"class_list":["post-62614","post","type-post","status-publish","format-standard","has-post-thumbnail","hentry","category-geralecomercio","category-noticiasdestaque"],"_links":{"self":[{"href":"https:\/\/jorgezanoni.com.br\/2019\/wp-json\/wp\/v2\/posts\/62614","targetHints":{"allow":["GET"]}}],"collection":[{"href":"https:\/\/jorgezanoni.com.br\/2019\/wp-json\/wp\/v2\/posts"}],"about":[{"href":"https:\/\/jorgezanoni.com.br\/2019\/wp-json\/wp\/v2\/types\/post"}],"author":[{"embeddable":true,"href":"https:\/\/jorgezanoni.com.br\/2019\/wp-json\/wp\/v2\/users\/1"}],"replies":[{"embeddable":true,"href":"https:\/\/jorgezanoni.com.br\/2019\/wp-json\/wp\/v2\/comments?post=62614"}],"version-history":[{"count":0,"href":"https:\/\/jorgezanoni.com.br\/2019\/wp-json\/wp\/v2\/posts\/62614\/revisions"}],"wp:featuredmedia":[{"embeddable":true,"href":"https:\/\/jorgezanoni.com.br\/2019\/wp-json\/wp\/v2\/media\/62615"}],"wp:attachment":[{"href":"https:\/\/jorgezanoni.com.br\/2019\/wp-json\/wp\/v2\/media?parent=62614"}],"wp:term":[{"taxonomy":"category","embeddable":true,"href":"https:\/\/jorgezanoni.com.br\/2019\/wp-json\/wp\/v2\/categories?post=62614"},{"taxonomy":"post_tag","embeddable":true,"href":"https:\/\/jorgezanoni.com.br\/2019\/wp-json\/wp\/v2\/tags?post=62614"}],"curies":[{"name":"wp","href":"https:\/\/api.w.org\/{rel}","templated":true}]}}