{"id":62562,"date":"2022-04-24T22:35:23","date_gmt":"2022-04-24T22:35:23","guid":{"rendered":"https:\/\/jorgezanoni.com.br\/2019\/?p=62562"},"modified":"2022-04-24T22:35:23","modified_gmt":"2022-04-24T22:35:23","slug":"lider-de-movimento-pro-aborto-morre-apos-abortar-legalmente-na-argentina","status":"publish","type":"post","link":"https:\/\/jorgezanoni.com.br\/2019\/lider-de-movimento-pro-aborto-morre-apos-abortar-legalmente-na-argentina\/","title":{"rendered":"L\u00edder de movimento pr\u00f3-aborto morre ap\u00f3s abortar legalmente na Argentina"},"content":{"rendered":"<h2 class=\"article__headline\" style=\"text-align: justify;\"><strong>A Justi\u00e7a argentina autorizou a investiga\u00e7\u00e3o da morte de Mar\u00eda del Valle Gonz\u00e1lez L\u00f3pez, 23 anos, em um hospital p\u00fablico.<\/strong><\/h2>\n<p style=\"text-align: justify;\">A Justi\u00e7a argentina autorizou a investiga\u00e7\u00e3o da morte de<strong>\u00a0Mar\u00eda del Valle Gonz\u00e1lez L\u00f3pez<\/strong>, 23 anos, em um hospital p\u00fablico. Presidente da Juventude Radical de La Paz, da prov\u00edncia de Mendoza, ela morreu ap\u00f3s se submeter a um aborto legal em um hospital p\u00fablico. A Justi\u00e7a apura se houve neglig\u00eancia do poder p\u00fablico.<\/p>\n<p style=\"text-align: justify;\">Segundo o jornal Clar\u00edn, o promotor<strong>\u00a0Mariano Carbajal<\/strong>\u00a0solicitou o hist\u00f3rico m\u00e9dico da jovem e a realiza\u00e7\u00e3o de uma necr\u00f3psia para apurar os detalhes da morte. O Minist\u00e9rio P\u00fablico (MP) de Santa Rosa iniciou a investiga\u00e7\u00e3o, mas devido \u00e0 sua complexidade, informa a reportagem, a apura\u00e7\u00e3o ficar\u00e1 por conta do MP de San Mart\u00edn.<\/p>\n<p style=\"text-align: justify;\">Informa\u00e7\u00f5es oficiais comunicam que Mar\u00eda del Valle compareceu ao hospital Arturo Illia, o \u00fanico de sua cidade, na quarta-feira (7), para solicitar um procedimento judicial de interrup\u00e7\u00e3o da gesta\u00e7\u00e3o. L\u00e1, ela foi prescrito um medicamento \u2014 informa o Clar\u00edn.<\/p>\n<p style=\"text-align: justify;\">Na sexta-feira (9), ela come\u00e7ou a se sentir mal e foi encaminhada ao principal centro de sa\u00fade da Zona Leste de Mendoza, o hospital Perrupato, onde foi detectada uma infec\u00e7\u00e3o geral que teria causado sua morte. A morte de de Mar\u00eda gerou repercuss\u00f5es de grupos anti e pr\u00f3-aborto. Ambos se manifestaram nas redes sociais.<\/p>\n<p style=\"text-align: justify;\"><em>Fonte: Gazeta do Povo<\/em><\/p>\n","protected":false},"excerpt":{"rendered":"<p>A Justi\u00e7a argentina autorizou a investiga\u00e7\u00e3o da morte de Mar\u00eda del Valle Gonz\u00e1lez L\u00f3pez, 23 anos, em um hospital p\u00fablico. A Justi\u00e7a argentina autorizou a investiga\u00e7\u00e3o da morte de\u00a0Mar\u00eda del Valle Gonz\u00e1lez L\u00f3pez, 23 anos, em um hospital p\u00fablico. Presidente da Juventude Radical de La Paz, da prov\u00edncia de Mendoza, ela morreu ap\u00f3s se submeter [&hellip;]<\/p>\n","protected":false},"author":1,"featured_media":62563,"comment_status":"closed","ping_status":"open","sticky":false,"template":"","format":"standard","meta":{"footnotes":""},"categories":[110,2],"tags":[],"class_list":["post-62562","post","type-post","status-publish","format-standard","has-post-thumbnail","hentry","category-noticiasdestaque","category-policial"],"_links":{"self":[{"href":"https:\/\/jorgezanoni.com.br\/2019\/wp-json\/wp\/v2\/posts\/62562","targetHints":{"allow":["GET"]}}],"collection":[{"href":"https:\/\/jorgezanoni.com.br\/2019\/wp-json\/wp\/v2\/posts"}],"about":[{"href":"https:\/\/jorgezanoni.com.br\/2019\/wp-json\/wp\/v2\/types\/post"}],"author":[{"embeddable":true,"href":"https:\/\/jorgezanoni.com.br\/2019\/wp-json\/wp\/v2\/users\/1"}],"replies":[{"embeddable":true,"href":"https:\/\/jorgezanoni.com.br\/2019\/wp-json\/wp\/v2\/comments?post=62562"}],"version-history":[{"count":0,"href":"https:\/\/jorgezanoni.com.br\/2019\/wp-json\/wp\/v2\/posts\/62562\/revisions"}],"wp:featuredmedia":[{"embeddable":true,"href":"https:\/\/jorgezanoni.com.br\/2019\/wp-json\/wp\/v2\/media\/62563"}],"wp:attachment":[{"href":"https:\/\/jorgezanoni.com.br\/2019\/wp-json\/wp\/v2\/media?parent=62562"}],"wp:term":[{"taxonomy":"category","embeddable":true,"href":"https:\/\/jorgezanoni.com.br\/2019\/wp-json\/wp\/v2\/categories?post=62562"},{"taxonomy":"post_tag","embeddable":true,"href":"https:\/\/jorgezanoni.com.br\/2019\/wp-json\/wp\/v2\/tags?post=62562"}],"curies":[{"name":"wp","href":"https:\/\/api.w.org\/{rel}","templated":true}]}}