{"id":62527,"date":"2022-04-23T16:04:32","date_gmt":"2022-04-23T16:04:32","guid":{"rendered":"https:\/\/jorgezanoni.com.br\/2019\/?p=62527"},"modified":"2022-04-23T16:04:32","modified_gmt":"2022-04-23T16:04:32","slug":"neoenergia-elektro-divulga-comunicado","status":"publish","type":"post","link":"https:\/\/jorgezanoni.com.br\/2019\/neoenergia-elektro-divulga-comunicado\/","title":{"rendered":"Neoenergia Elektro divulga comunicado"},"content":{"rendered":"<div class=\"kvgmc6g5 cxmmr5t8 oygrvhab hcukyx3x c1et5uql ii04i59q\">\n<div dir=\"auto\" style=\"text-align: justify;\">COMUNICADO \u00c0 POPULA\u00c7\u00c3O DE DRACENA<\/div>\n<div dir=\"auto\"><\/div>\n<\/div>\n<div class=\"cxmmr5t8 oygrvhab hcukyx3x c1et5uql o9v6fnle ii04i59q\">\n<div dir=\"auto\" style=\"text-align: justify;\">&#8220;A Neoenergia Elektro esclarece que o desligamento, no in\u00edcio da manh\u00e3 deste s\u00e1bado (23), que afetou o fornecimento para o munic\u00edpio foi provocado por falha no sistema de transmiss\u00e3o da ISA CTEEP. A Neoenergia Elektro, imediatamente, mobilizou suas equipes e acionou todos os \u00f3rg\u00e3os respons\u00e1veis.<\/div>\n<div dir=\"auto\" style=\"text-align: justify;\">A causa da falha ainda n\u00e3o foi divulgada pela ISA CTEEP&#8221;.<\/div>\n<div dir=\"auto\"><\/div>\n<div dir=\"auto\" style=\"text-align: justify;\">Nota do Site JZ:<\/div>\n<div dir=\"auto\" style=\"text-align: justify;\"><\/div>\n<\/div>\n<div dir=\"auto\" style=\"text-align: justify;\">Temos informa\u00e7\u00e3o que o problema tamb\u00e9m foi detectado em outras cidades da regi\u00e3o. \u00c9 de se esperar que alguma provid\u00eancia seja tomada, pois paga-se caro pela energia e qualquer vento ou chuva tem tido queda de energia. H\u00e1 muita reclama\u00e7\u00e3o por parte dos contribuintes, especialmente quando tentam falar na central da empresa e apenas houve grava\u00e7\u00f5es. Diversos setores da cidade ficaram at\u00e9 mais de sete horas sem os servi\u00e7os.<\/div>\n<div dir=\"auto\"><\/div>\n<div dir=\"auto\">Jorge Zanoni<\/div>\n<div dir=\"auto\">Imagem Ilustrativa<\/div>\n<div dir=\"auto\"><\/div>\n","protected":false},"excerpt":{"rendered":"<p>COMUNICADO \u00c0 POPULA\u00c7\u00c3O DE DRACENA &#8220;A Neoenergia Elektro esclarece que o desligamento, no in\u00edcio da manh\u00e3 deste s\u00e1bado (23), que afetou o fornecimento para o munic\u00edpio foi provocado por falha no sistema de transmiss\u00e3o da ISA CTEEP. A Neoenergia Elektro, imediatamente, mobilizou suas equipes e acionou todos os \u00f3rg\u00e3os respons\u00e1veis. A causa da falha ainda [&hellip;]<\/p>\n","protected":false},"author":1,"featured_media":62528,"comment_status":"closed","ping_status":"open","sticky":false,"template":"","format":"standard","meta":{"footnotes":""},"categories":[114,110],"tags":[],"class_list":["post-62527","post","type-post","status-publish","format-standard","has-post-thumbnail","hentry","category-geralecomercio","category-noticiasdestaque"],"_links":{"self":[{"href":"https:\/\/jorgezanoni.com.br\/2019\/wp-json\/wp\/v2\/posts\/62527","targetHints":{"allow":["GET"]}}],"collection":[{"href":"https:\/\/jorgezanoni.com.br\/2019\/wp-json\/wp\/v2\/posts"}],"about":[{"href":"https:\/\/jorgezanoni.com.br\/2019\/wp-json\/wp\/v2\/types\/post"}],"author":[{"embeddable":true,"href":"https:\/\/jorgezanoni.com.br\/2019\/wp-json\/wp\/v2\/users\/1"}],"replies":[{"embeddable":true,"href":"https:\/\/jorgezanoni.com.br\/2019\/wp-json\/wp\/v2\/comments?post=62527"}],"version-history":[{"count":0,"href":"https:\/\/jorgezanoni.com.br\/2019\/wp-json\/wp\/v2\/posts\/62527\/revisions"}],"wp:featuredmedia":[{"embeddable":true,"href":"https:\/\/jorgezanoni.com.br\/2019\/wp-json\/wp\/v2\/media\/62528"}],"wp:attachment":[{"href":"https:\/\/jorgezanoni.com.br\/2019\/wp-json\/wp\/v2\/media?parent=62527"}],"wp:term":[{"taxonomy":"category","embeddable":true,"href":"https:\/\/jorgezanoni.com.br\/2019\/wp-json\/wp\/v2\/categories?post=62527"},{"taxonomy":"post_tag","embeddable":true,"href":"https:\/\/jorgezanoni.com.br\/2019\/wp-json\/wp\/v2\/tags?post=62527"}],"curies":[{"name":"wp","href":"https:\/\/api.w.org\/{rel}","templated":true}]}}