{"id":62521,"date":"2022-04-22T22:06:44","date_gmt":"2022-04-22T22:06:44","guid":{"rendered":"https:\/\/jorgezanoni.com.br\/2019\/?p=62521"},"modified":"2022-04-22T22:06:44","modified_gmt":"2022-04-22T22:06:44","slug":"policia-militar-prende-homem-por-furto-recupera-veiculo-e-devolve-a-vitima-em-s-j-p-dalho","status":"publish","type":"post","link":"https:\/\/jorgezanoni.com.br\/2019\/policia-militar-prende-homem-por-furto-recupera-veiculo-e-devolve-a-vitima-em-s-j-p-dalho\/","title":{"rendered":"Pol\u00edcia Militar prende homem por furto, recupera ve\u00edculo e devolve a v\u00edtima em S. J. P. D&#8217;\u00c1lho"},"content":{"rendered":"<p style=\"text-align: justify;\"><strong>POL\u00cdCIA MILITAR PRENDE HOMEM EM S\u00c3O JO\u00c3O DO PAU D&#8217;ALHO POR FURTO, RECUPERA VE\u00cdCULO E DEVOLVE A V\u00cdTIMA.<\/strong><\/p>\n<p style=\"text-align: justify;\">NA DATA DE HOJE (22) POR VOLTA DAS 03H08MIN AP\u00d3S A DENUNCIA DE UM FURTO DE VE\u00cdCULO POR MONTE CASTELO\/SP, SENDO UMA VW SAVEIRO NA COR BRANCA E QUE O REFERIDO VE\u00cdCULO ESTARIA CIRCULANDO NA CIDADE DE S\u00c3O JO\u00c3O DO PAU D&#8217;ALHO\/SP.<br \/>\nDE IMEDIATO AS EQUIPES DESLOCARAM \u00c0 PARA QUELA CIDADE E AP\u00d3S PATRULHAMENTO COM VISTAS AO VE\u00cdCULO, LOGRARAM \u00caXITO EM LOCALIZAR ELE PARADO PELA RUA DAS PALMEIRAS TENDO EM SEU INTERIOR UM HOMEM DE 18 ANOS, QUE FOI SUBMETIDO A BUSCA PESSOAL E NADA DE IL\u00cdCITO FOI LOCALIZADO EM SUA POSSE.<br \/>\nINICIADO DI\u00c1LOGO COM O HOMEM, DE IN\u00cdCIO INFORMOU QUE TERIA PEDIDO O VE\u00cdCULO EMPRESTADO AO PROPRIET\u00c1RIO\u00a0 DE 23 ANOS, NA DATA ANTERIOR E LHE FOI CONCEDIDO O FAVOR DE PEGAR O CARRO, ATO CONT\u00cdNUO EM CONTATO POR TELEFONE COM O PROPRIET\u00c1RIO\/V\u00cdTIMA QUE AFIRMOU N\u00c3O TER AUTORIZADO NINGU\u00c9M TOMAR POSSE DE SEU VE\u00cdCULO, QUESTIONADO NOVAMENTE, O AGORA AUTOR VEIO POR CONFESSAR O FURTO DO VE\u00cdCULO, DIZENDO QUE ADENTROU A CASA DA V\u00cdTIMA, TOMANDO POSSE DA CHAVE DO CARRO E ASSIM SUBTRAINDO-O.<br \/>\nDIANTE DO EXPOSTO FOI DADO VOZ DE PRIS\u00c3O AO AUTOR, PELO CRIME DE FURTO TENTADO DE VE\u00cdCULO, PERMANECENDO O AUTOR PRESO A DISPOSI\u00c7\u00c3O DA JUSTI\u00c7A.<br \/>\nVE\u00cdCULO LIBERADO A V\u00cdTIMA.<\/p>\n<p><img loading=\"lazy\" decoding=\"async\" class=\"alignnone size-full wp-image-62522\" src=\"https:\/\/jorgezanoni.com.br\/2019\/wp-content\/uploads\/2022\/04\/carro-1.jpg\" alt=\"\" width=\"1600\" height=\"900\" srcset=\"https:\/\/jorgezanoni.com.br\/2019\/wp-content\/uploads\/2022\/04\/carro-1.jpg 1600w, https:\/\/jorgezanoni.com.br\/2019\/wp-content\/uploads\/2022\/04\/carro-1-300x169.jpg 300w, https:\/\/jorgezanoni.com.br\/2019\/wp-content\/uploads\/2022\/04\/carro-1-1024x576.jpg 1024w, https:\/\/jorgezanoni.com.br\/2019\/wp-content\/uploads\/2022\/04\/carro-1-768x432.jpg 768w, https:\/\/jorgezanoni.com.br\/2019\/wp-content\/uploads\/2022\/04\/carro-1-1536x864.jpg 1536w, https:\/\/jorgezanoni.com.br\/2019\/wp-content\/uploads\/2022\/04\/carro-1-696x392.jpg 696w, https:\/\/jorgezanoni.com.br\/2019\/wp-content\/uploads\/2022\/04\/carro-1-1068x601.jpg 1068w, https:\/\/jorgezanoni.com.br\/2019\/wp-content\/uploads\/2022\/04\/carro-1-747x420.jpg 747w\" sizes=\"auto, (max-width: 1600px) 100vw, 1600px\" \/><\/p>\n<p style=\"text-align: justify;\">Fonte: Com. Social Pol\u00edcia Militar<\/p>\n","protected":false},"excerpt":{"rendered":"<p>POL\u00cdCIA MILITAR PRENDE HOMEM EM S\u00c3O JO\u00c3O DO PAU D&#8217;ALHO POR FURTO, RECUPERA VE\u00cdCULO E DEVOLVE A V\u00cdTIMA. NA DATA DE HOJE (22) POR VOLTA DAS 03H08MIN AP\u00d3S A DENUNCIA DE UM FURTO DE VE\u00cdCULO POR MONTE CASTELO\/SP, SENDO UMA VW SAVEIRO NA COR BRANCA E QUE O REFERIDO VE\u00cdCULO ESTARIA CIRCULANDO NA CIDADE DE [&hellip;]<\/p>\n","protected":false},"author":1,"featured_media":62523,"comment_status":"closed","ping_status":"open","sticky":false,"template":"","format":"standard","meta":{"footnotes":""},"categories":[110,2],"tags":[],"class_list":["post-62521","post","type-post","status-publish","format-standard","has-post-thumbnail","hentry","category-noticiasdestaque","category-policial"],"_links":{"self":[{"href":"https:\/\/jorgezanoni.com.br\/2019\/wp-json\/wp\/v2\/posts\/62521","targetHints":{"allow":["GET"]}}],"collection":[{"href":"https:\/\/jorgezanoni.com.br\/2019\/wp-json\/wp\/v2\/posts"}],"about":[{"href":"https:\/\/jorgezanoni.com.br\/2019\/wp-json\/wp\/v2\/types\/post"}],"author":[{"embeddable":true,"href":"https:\/\/jorgezanoni.com.br\/2019\/wp-json\/wp\/v2\/users\/1"}],"replies":[{"embeddable":true,"href":"https:\/\/jorgezanoni.com.br\/2019\/wp-json\/wp\/v2\/comments?post=62521"}],"version-history":[{"count":0,"href":"https:\/\/jorgezanoni.com.br\/2019\/wp-json\/wp\/v2\/posts\/62521\/revisions"}],"wp:featuredmedia":[{"embeddable":true,"href":"https:\/\/jorgezanoni.com.br\/2019\/wp-json\/wp\/v2\/media\/62523"}],"wp:attachment":[{"href":"https:\/\/jorgezanoni.com.br\/2019\/wp-json\/wp\/v2\/media?parent=62521"}],"wp:term":[{"taxonomy":"category","embeddable":true,"href":"https:\/\/jorgezanoni.com.br\/2019\/wp-json\/wp\/v2\/categories?post=62521"},{"taxonomy":"post_tag","embeddable":true,"href":"https:\/\/jorgezanoni.com.br\/2019\/wp-json\/wp\/v2\/tags?post=62521"}],"curies":[{"name":"wp","href":"https:\/\/api.w.org\/{rel}","templated":true}]}}