{"id":62513,"date":"2022-04-22T21:44:12","date_gmt":"2022-04-22T21:44:12","guid":{"rendered":"https:\/\/jorgezanoni.com.br\/2019\/?p=62513"},"modified":"2022-04-22T21:44:12","modified_gmt":"2022-04-22T21:44:12","slug":"sindicato-e-fenaj-repudiam-demissoes-na-tv-fronteira-afiliada-da-globo","status":"publish","type":"post","link":"https:\/\/jorgezanoni.com.br\/2019\/sindicato-e-fenaj-repudiam-demissoes-na-tv-fronteira-afiliada-da-globo\/","title":{"rendered":"Sindicato e FENAJ repudiam demiss\u00f5es na TV Fronteira, afiliada da Globo"},"content":{"rendered":"<p style=\"text-align: justify;\">O Sindicato dos Jornalistas no Estado de S\u00e3o Paulo e a Federa\u00e7\u00e3o Nacional dos Jornalistas (FENAJ) repudiam publicamente as demiss\u00f5es ocorridas na TV Fronteira, afiliada da Globo em Presidente Prudente e na sucursal de Dracena.<br \/>\nEm Presidente Prudente foram desligados tr\u00eas profissionais da categoria dos Radialistas \u2013 um editor de imagens, um operador de \u00e1udio e um c\u00e2mera de est\u00fadio. Em Dracena houve demiss\u00e3o de todos os integrantes da \u00fanica equipe de reportagem externa atuante no telejornal local, formada pela rep\u00f3rter, um rep\u00f3rter cinematogr\u00e1fico e um produtor.<br \/>\nAs demiss\u00f5es ocorreram de forma s\u00fabita na segunda-feira (18\/04), logo ap\u00f3s o t\u00e9rmino do plant\u00e3o de P\u00e1scoa, sem aviso pr\u00e9vio, com proibi\u00e7\u00e3o de acesso aos e-mails e retirada de equipamentos do escrit\u00f3rio, levando a crer no fechamento da unidade.<br \/>\nA Regional Bauru\/Presidente Prudente, do Sindicato, contatou os profissionais demitidos e disponibilizou acompanhamento jur\u00eddico para garantir que todos os direitos sejam reivindicados, respeitados e pagos corretamente.<br \/>\nO Sindicato tamb\u00e9m enviou oficio solicitando uma reuni\u00e3o de URG\u00caNCIA com o RH e o gerente de jornalismo da empresa para ter maiores esclarecimentos sobre essa insensibilidade do grupo em desligar profissionais competentes e experientes.<br \/>\nO SJSP e a FENAJ tamb\u00e9m repudiam a maneira como as empresas de comunica\u00e7\u00e3o t\u00eam tratado funcion\u00e1rios, principalmente ap\u00f3s a Reforma Trabalhista ocorrida no governo Temer. A desvaloriza\u00e7\u00e3o do exerc\u00edcio da profiss\u00e3o, precariza\u00e7\u00e3o e ataques imperam em uma crise sem precedentes.<\/p>\n<p><img loading=\"lazy\" decoding=\"async\" class=\"alignnone size-full wp-image-62515\" src=\"https:\/\/jorgezanoni.com.br\/2019\/wp-content\/uploads\/2022\/04\/sindicato.png\" alt=\"\" width=\"278\" height=\"107\" \/><\/p>\n<p style=\"text-align: justify;\">S\u00e3o Paulo, 20 de abril de 2022<br \/>\nFedera\u00e7\u00e3o Nacional dos Jornalistas &#8211; FENAJ<br \/>\nSindicado Dos Jornalistas No Estado De S\u00e3o Paulo &#8211; SJSP<br \/>\nRegional Bauru \u2013 SJSP<\/p>\n","protected":false},"excerpt":{"rendered":"<p>O Sindicato dos Jornalistas no Estado de S\u00e3o Paulo e a Federa\u00e7\u00e3o Nacional dos Jornalistas (FENAJ) repudiam publicamente as demiss\u00f5es ocorridas na TV Fronteira, afiliada da Globo em Presidente Prudente e na sucursal de Dracena. Em Presidente Prudente foram desligados tr\u00eas profissionais da categoria dos Radialistas \u2013 um editor de imagens, um operador de \u00e1udio [&hellip;]<\/p>\n","protected":false},"author":1,"featured_media":62514,"comment_status":"closed","ping_status":"open","sticky":false,"template":"","format":"standard","meta":{"footnotes":""},"categories":[114,110],"tags":[],"class_list":["post-62513","post","type-post","status-publish","format-standard","has-post-thumbnail","hentry","category-geralecomercio","category-noticiasdestaque"],"_links":{"self":[{"href":"https:\/\/jorgezanoni.com.br\/2019\/wp-json\/wp\/v2\/posts\/62513","targetHints":{"allow":["GET"]}}],"collection":[{"href":"https:\/\/jorgezanoni.com.br\/2019\/wp-json\/wp\/v2\/posts"}],"about":[{"href":"https:\/\/jorgezanoni.com.br\/2019\/wp-json\/wp\/v2\/types\/post"}],"author":[{"embeddable":true,"href":"https:\/\/jorgezanoni.com.br\/2019\/wp-json\/wp\/v2\/users\/1"}],"replies":[{"embeddable":true,"href":"https:\/\/jorgezanoni.com.br\/2019\/wp-json\/wp\/v2\/comments?post=62513"}],"version-history":[{"count":0,"href":"https:\/\/jorgezanoni.com.br\/2019\/wp-json\/wp\/v2\/posts\/62513\/revisions"}],"wp:featuredmedia":[{"embeddable":true,"href":"https:\/\/jorgezanoni.com.br\/2019\/wp-json\/wp\/v2\/media\/62514"}],"wp:attachment":[{"href":"https:\/\/jorgezanoni.com.br\/2019\/wp-json\/wp\/v2\/media?parent=62513"}],"wp:term":[{"taxonomy":"category","embeddable":true,"href":"https:\/\/jorgezanoni.com.br\/2019\/wp-json\/wp\/v2\/categories?post=62513"},{"taxonomy":"post_tag","embeddable":true,"href":"https:\/\/jorgezanoni.com.br\/2019\/wp-json\/wp\/v2\/tags?post=62513"}],"curies":[{"name":"wp","href":"https:\/\/api.w.org\/{rel}","templated":true}]}}