{"id":62486,"date":"2022-04-21T17:09:45","date_gmt":"2022-04-21T17:09:45","guid":{"rendered":"https:\/\/jorgezanoni.com.br\/2019\/?p=62486"},"modified":"2022-04-21T17:09:45","modified_gmt":"2022-04-21T17:09:45","slug":"moradores-do-bairro-sao-francisco-reclamam-de-coleta-de-folhas","status":"publish","type":"post","link":"https:\/\/jorgezanoni.com.br\/2019\/moradores-do-bairro-sao-francisco-reclamam-de-coleta-de-folhas\/","title":{"rendered":"Moradores do Bairro S\u00e3o Francisco reclamam de coleta de folhas"},"content":{"rendered":"<p style=\"text-align: justify;\">Moradores do Bairro S\u00e3o Francisco enviam imagens para a reportagem do Site JZ, informando que h\u00e1 pelo menos duas semanas, a coleta de folhas n\u00e3o \u00e9 realizada.<\/p>\n<p style=\"text-align: justify;\">Um dos reclamantes disse que situa\u00e7\u00e3o id\u00eantica acontece nos bairros Santa Clara e Vila Barros.<\/p>\n<p style=\"text-align: justify;\">Pedem provid\u00eancias para os respons\u00e1veis pelo setor.<\/p>\n<p><img loading=\"lazy\" decoding=\"async\" class=\"alignnone size-full wp-image-62487\" src=\"https:\/\/jorgezanoni.com.br\/2019\/wp-content\/uploads\/2022\/04\/folha.jpg\" alt=\"\" width=\"1200\" height=\"1600\" srcset=\"https:\/\/jorgezanoni.com.br\/2019\/wp-content\/uploads\/2022\/04\/folha.jpg 1200w, https:\/\/jorgezanoni.com.br\/2019\/wp-content\/uploads\/2022\/04\/folha-225x300.jpg 225w, https:\/\/jorgezanoni.com.br\/2019\/wp-content\/uploads\/2022\/04\/folha-768x1024.jpg 768w, https:\/\/jorgezanoni.com.br\/2019\/wp-content\/uploads\/2022\/04\/folha-1152x1536.jpg 1152w, https:\/\/jorgezanoni.com.br\/2019\/wp-content\/uploads\/2022\/04\/folha-696x928.jpg 696w, https:\/\/jorgezanoni.com.br\/2019\/wp-content\/uploads\/2022\/04\/folha-1068x1424.jpg 1068w, https:\/\/jorgezanoni.com.br\/2019\/wp-content\/uploads\/2022\/04\/folha-315x420.jpg 315w\" sizes=\"auto, (max-width: 1200px) 100vw, 1200px\" \/> <img loading=\"lazy\" decoding=\"async\" class=\"alignnone size-full wp-image-62488\" src=\"https:\/\/jorgezanoni.com.br\/2019\/wp-content\/uploads\/2022\/04\/folha1.jpg\" alt=\"\" width=\"1200\" height=\"1600\" srcset=\"https:\/\/jorgezanoni.com.br\/2019\/wp-content\/uploads\/2022\/04\/folha1.jpg 1200w, https:\/\/jorgezanoni.com.br\/2019\/wp-content\/uploads\/2022\/04\/folha1-225x300.jpg 225w, https:\/\/jorgezanoni.com.br\/2019\/wp-content\/uploads\/2022\/04\/folha1-768x1024.jpg 768w, https:\/\/jorgezanoni.com.br\/2019\/wp-content\/uploads\/2022\/04\/folha1-1152x1536.jpg 1152w, https:\/\/jorgezanoni.com.br\/2019\/wp-content\/uploads\/2022\/04\/folha1-696x928.jpg 696w, https:\/\/jorgezanoni.com.br\/2019\/wp-content\/uploads\/2022\/04\/folha1-1068x1424.jpg 1068w, https:\/\/jorgezanoni.com.br\/2019\/wp-content\/uploads\/2022\/04\/folha1-315x420.jpg 315w\" sizes=\"auto, (max-width: 1200px) 100vw, 1200px\" \/> <img loading=\"lazy\" decoding=\"async\" class=\"alignnone size-full wp-image-62489\" src=\"https:\/\/jorgezanoni.com.br\/2019\/wp-content\/uploads\/2022\/04\/folha2.jpg\" alt=\"\" width=\"1200\" height=\"1600\" srcset=\"https:\/\/jorgezanoni.com.br\/2019\/wp-content\/uploads\/2022\/04\/folha2.jpg 1200w, https:\/\/jorgezanoni.com.br\/2019\/wp-content\/uploads\/2022\/04\/folha2-225x300.jpg 225w, https:\/\/jorgezanoni.com.br\/2019\/wp-content\/uploads\/2022\/04\/folha2-768x1024.jpg 768w, https:\/\/jorgezanoni.com.br\/2019\/wp-content\/uploads\/2022\/04\/folha2-1152x1536.jpg 1152w, https:\/\/jorgezanoni.com.br\/2019\/wp-content\/uploads\/2022\/04\/folha2-696x928.jpg 696w, https:\/\/jorgezanoni.com.br\/2019\/wp-content\/uploads\/2022\/04\/folha2-1068x1424.jpg 1068w, https:\/\/jorgezanoni.com.br\/2019\/wp-content\/uploads\/2022\/04\/folha2-315x420.jpg 315w\" sizes=\"auto, (max-width: 1200px) 100vw, 1200px\" \/> <img loading=\"lazy\" decoding=\"async\" class=\"alignnone size-full wp-image-62490\" src=\"https:\/\/jorgezanoni.com.br\/2019\/wp-content\/uploads\/2022\/04\/folha3.jpg\" alt=\"\" width=\"1200\" height=\"1600\" srcset=\"https:\/\/jorgezanoni.com.br\/2019\/wp-content\/uploads\/2022\/04\/folha3.jpg 1200w, https:\/\/jorgezanoni.com.br\/2019\/wp-content\/uploads\/2022\/04\/folha3-225x300.jpg 225w, https:\/\/jorgezanoni.com.br\/2019\/wp-content\/uploads\/2022\/04\/folha3-768x1024.jpg 768w, https:\/\/jorgezanoni.com.br\/2019\/wp-content\/uploads\/2022\/04\/folha3-1152x1536.jpg 1152w, https:\/\/jorgezanoni.com.br\/2019\/wp-content\/uploads\/2022\/04\/folha3-696x928.jpg 696w, https:\/\/jorgezanoni.com.br\/2019\/wp-content\/uploads\/2022\/04\/folha3-1068x1424.jpg 1068w, https:\/\/jorgezanoni.com.br\/2019\/wp-content\/uploads\/2022\/04\/folha3-315x420.jpg 315w\" sizes=\"auto, (max-width: 1200px) 100vw, 1200px\" \/> <img loading=\"lazy\" decoding=\"async\" class=\"alignnone size-full wp-image-62491\" src=\"https:\/\/jorgezanoni.com.br\/2019\/wp-content\/uploads\/2022\/04\/folha4.jpg\" alt=\"\" width=\"1200\" height=\"1600\" srcset=\"https:\/\/jorgezanoni.com.br\/2019\/wp-content\/uploads\/2022\/04\/folha4.jpg 1200w, https:\/\/jorgezanoni.com.br\/2019\/wp-content\/uploads\/2022\/04\/folha4-225x300.jpg 225w, https:\/\/jorgezanoni.com.br\/2019\/wp-content\/uploads\/2022\/04\/folha4-768x1024.jpg 768w, https:\/\/jorgezanoni.com.br\/2019\/wp-content\/uploads\/2022\/04\/folha4-1152x1536.jpg 1152w, https:\/\/jorgezanoni.com.br\/2019\/wp-content\/uploads\/2022\/04\/folha4-696x928.jpg 696w, https:\/\/jorgezanoni.com.br\/2019\/wp-content\/uploads\/2022\/04\/folha4-1068x1424.jpg 1068w, https:\/\/jorgezanoni.com.br\/2019\/wp-content\/uploads\/2022\/04\/folha4-315x420.jpg 315w\" sizes=\"auto, (max-width: 1200px) 100vw, 1200px\" \/><\/p>\n<p>&nbsp;<\/p>\n<p style=\"text-align: justify;\">Jorge Zanoni<\/p>\n<p style=\"text-align: justify;\">Fotos de Internauta<\/p>\n","protected":false},"excerpt":{"rendered":"<p>Moradores do Bairro S\u00e3o Francisco enviam imagens para a reportagem do Site JZ, informando que h\u00e1 pelo menos duas semanas, a coleta de folhas n\u00e3o \u00e9 realizada. Um dos reclamantes disse que situa\u00e7\u00e3o id\u00eantica acontece nos bairros Santa Clara e Vila Barros. Pedem provid\u00eancias para os respons\u00e1veis pelo setor. &nbsp; Jorge Zanoni Fotos de Internauta<\/p>\n","protected":false},"author":1,"featured_media":62493,"comment_status":"closed","ping_status":"open","sticky":false,"template":"","format":"standard","meta":{"footnotes":""},"categories":[179,184,110],"tags":[],"class_list":["post-62486","post","type-post","status-publish","format-standard","has-post-thumbnail","hentry","category-cidadeseregiao","category-dracena","category-noticiasdestaque"],"_links":{"self":[{"href":"https:\/\/jorgezanoni.com.br\/2019\/wp-json\/wp\/v2\/posts\/62486","targetHints":{"allow":["GET"]}}],"collection":[{"href":"https:\/\/jorgezanoni.com.br\/2019\/wp-json\/wp\/v2\/posts"}],"about":[{"href":"https:\/\/jorgezanoni.com.br\/2019\/wp-json\/wp\/v2\/types\/post"}],"author":[{"embeddable":true,"href":"https:\/\/jorgezanoni.com.br\/2019\/wp-json\/wp\/v2\/users\/1"}],"replies":[{"embeddable":true,"href":"https:\/\/jorgezanoni.com.br\/2019\/wp-json\/wp\/v2\/comments?post=62486"}],"version-history":[{"count":0,"href":"https:\/\/jorgezanoni.com.br\/2019\/wp-json\/wp\/v2\/posts\/62486\/revisions"}],"wp:featuredmedia":[{"embeddable":true,"href":"https:\/\/jorgezanoni.com.br\/2019\/wp-json\/wp\/v2\/media\/62493"}],"wp:attachment":[{"href":"https:\/\/jorgezanoni.com.br\/2019\/wp-json\/wp\/v2\/media?parent=62486"}],"wp:term":[{"taxonomy":"category","embeddable":true,"href":"https:\/\/jorgezanoni.com.br\/2019\/wp-json\/wp\/v2\/categories?post=62486"},{"taxonomy":"post_tag","embeddable":true,"href":"https:\/\/jorgezanoni.com.br\/2019\/wp-json\/wp\/v2\/tags?post=62486"}],"curies":[{"name":"wp","href":"https:\/\/api.w.org\/{rel}","templated":true}]}}