{"id":62483,"date":"2022-04-21T16:35:56","date_gmt":"2022-04-21T16:35:56","guid":{"rendered":"https:\/\/jorgezanoni.com.br\/2019\/?p=62483"},"modified":"2022-04-21T16:35:56","modified_gmt":"2022-04-21T16:35:56","slug":"policia-militar-captura-procurado-da-justica-em-dracena","status":"publish","type":"post","link":"https:\/\/jorgezanoni.com.br\/2019\/policia-militar-captura-procurado-da-justica-em-dracena\/","title":{"rendered":"Pol\u00edcia Militar captura procurado da Justi\u00e7a em Dracena"},"content":{"rendered":"<p style=\"text-align: justify;\">Na data de ontem (21) por volta das 19h40min a equipe em patrulhamento ostensivo pela Rua Irradia\u00e7\u00e3o no Jardim Santa Clara momento em que deparamos com o capturado ( homem 40 anos) em frente da sua resid\u00eancia e dado ci\u00eancia de um mandado de pris\u00e3o em desfavor do mesmo. Foi cumprido o mandado de pris\u00e3o permanecendo \u00e0 disposi\u00e7\u00e3o da Justi\u00e7a.<\/p>\n<p>Fonte: Com. Social Pol\u00edcia Militar<\/p>\n","protected":false},"excerpt":{"rendered":"<p>Na data de ontem (21) por volta das 19h40min a equipe em patrulhamento ostensivo pela Rua Irradia\u00e7\u00e3o no Jardim Santa Clara momento em que deparamos com o capturado ( homem 40 anos) em frente da sua resid\u00eancia e dado ci\u00eancia de um mandado de pris\u00e3o em desfavor do mesmo. Foi cumprido o mandado de pris\u00e3o [&hellip;]<\/p>\n","protected":false},"author":1,"featured_media":62484,"comment_status":"closed","ping_status":"open","sticky":false,"template":"","format":"standard","meta":{"footnotes":""},"categories":[110,2],"tags":[],"class_list":["post-62483","post","type-post","status-publish","format-standard","has-post-thumbnail","hentry","category-noticiasdestaque","category-policial"],"_links":{"self":[{"href":"https:\/\/jorgezanoni.com.br\/2019\/wp-json\/wp\/v2\/posts\/62483","targetHints":{"allow":["GET"]}}],"collection":[{"href":"https:\/\/jorgezanoni.com.br\/2019\/wp-json\/wp\/v2\/posts"}],"about":[{"href":"https:\/\/jorgezanoni.com.br\/2019\/wp-json\/wp\/v2\/types\/post"}],"author":[{"embeddable":true,"href":"https:\/\/jorgezanoni.com.br\/2019\/wp-json\/wp\/v2\/users\/1"}],"replies":[{"embeddable":true,"href":"https:\/\/jorgezanoni.com.br\/2019\/wp-json\/wp\/v2\/comments?post=62483"}],"version-history":[{"count":0,"href":"https:\/\/jorgezanoni.com.br\/2019\/wp-json\/wp\/v2\/posts\/62483\/revisions"}],"wp:featuredmedia":[{"embeddable":true,"href":"https:\/\/jorgezanoni.com.br\/2019\/wp-json\/wp\/v2\/media\/62484"}],"wp:attachment":[{"href":"https:\/\/jorgezanoni.com.br\/2019\/wp-json\/wp\/v2\/media?parent=62483"}],"wp:term":[{"taxonomy":"category","embeddable":true,"href":"https:\/\/jorgezanoni.com.br\/2019\/wp-json\/wp\/v2\/categories?post=62483"},{"taxonomy":"post_tag","embeddable":true,"href":"https:\/\/jorgezanoni.com.br\/2019\/wp-json\/wp\/v2\/tags?post=62483"}],"curies":[{"name":"wp","href":"https:\/\/api.w.org\/{rel}","templated":true}]}}