{"id":62478,"date":"2022-04-21T16:12:28","date_gmt":"2022-04-21T16:12:28","guid":{"rendered":"https:\/\/jorgezanoni.com.br\/2019\/?p=62478"},"modified":"2022-04-21T16:12:28","modified_gmt":"2022-04-21T16:12:28","slug":"policia-civil-participa-de-solenidade-em-comemoracao-ao-dia-do-exercito-brasileiro-em-dracena","status":"publish","type":"post","link":"https:\/\/jorgezanoni.com.br\/2019\/policia-civil-participa-de-solenidade-em-comemoracao-ao-dia-do-exercito-brasileiro-em-dracena\/","title":{"rendered":"Pol\u00edcia Civil participa de solenidade em comemora\u00e7\u00e3o ao Dia do Ex\u00e9rcito Brasileiro em Dracena"},"content":{"rendered":"<p style=\"text-align: justify;\">Nesta quarta-feira (20), a convite do 1\u00ba Sgt. do Ex\u00e9rcito Thiago Cesar Marques de Carvalho, chefe de instru\u00e7\u00e3o do Tiro de Guerra &#8211; 02\/82, o agente policial Reginaldo Rosa participou da solenidade formatura dos atiradores em homenagem ao Dia do Ex\u00e9rcito Brasileiro. O calend\u00e1rio marca o dia 19 de abril como o dia do Ex\u00e9rcito Brasileiro e neste ano marcou os 374 anos da institui\u00e7\u00e3o.<\/p>\n<p><img loading=\"lazy\" decoding=\"async\" class=\"alignnone size-full wp-image-62480\" src=\"https:\/\/jorgezanoni.com.br\/2019\/wp-content\/uploads\/2022\/04\/tiro1.jpg\" alt=\"\" width=\"1079\" height=\"793\" srcset=\"https:\/\/jorgezanoni.com.br\/2019\/wp-content\/uploads\/2022\/04\/tiro1.jpg 1079w, https:\/\/jorgezanoni.com.br\/2019\/wp-content\/uploads\/2022\/04\/tiro1-300x220.jpg 300w, https:\/\/jorgezanoni.com.br\/2019\/wp-content\/uploads\/2022\/04\/tiro1-1024x753.jpg 1024w, https:\/\/jorgezanoni.com.br\/2019\/wp-content\/uploads\/2022\/04\/tiro1-768x564.jpg 768w, https:\/\/jorgezanoni.com.br\/2019\/wp-content\/uploads\/2022\/04\/tiro1-80x60.jpg 80w, https:\/\/jorgezanoni.com.br\/2019\/wp-content\/uploads\/2022\/04\/tiro1-696x512.jpg 696w, https:\/\/jorgezanoni.com.br\/2019\/wp-content\/uploads\/2022\/04\/tiro1-1068x785.jpg 1068w, https:\/\/jorgezanoni.com.br\/2019\/wp-content\/uploads\/2022\/04\/tiro1-571x420.jpg 571w\" sizes=\"auto, (max-width: 1079px) 100vw, 1079px\" \/> <img loading=\"lazy\" decoding=\"async\" class=\"alignnone size-full wp-image-62481\" src=\"https:\/\/jorgezanoni.com.br\/2019\/wp-content\/uploads\/2022\/04\/tiro2.jpg\" alt=\"\" width=\"1080\" height=\"755\" srcset=\"https:\/\/jorgezanoni.com.br\/2019\/wp-content\/uploads\/2022\/04\/tiro2.jpg 1080w, https:\/\/jorgezanoni.com.br\/2019\/wp-content\/uploads\/2022\/04\/tiro2-300x210.jpg 300w, https:\/\/jorgezanoni.com.br\/2019\/wp-content\/uploads\/2022\/04\/tiro2-1024x716.jpg 1024w, https:\/\/jorgezanoni.com.br\/2019\/wp-content\/uploads\/2022\/04\/tiro2-768x537.jpg 768w, https:\/\/jorgezanoni.com.br\/2019\/wp-content\/uploads\/2022\/04\/tiro2-100x70.jpg 100w, https:\/\/jorgezanoni.com.br\/2019\/wp-content\/uploads\/2022\/04\/tiro2-696x487.jpg 696w, https:\/\/jorgezanoni.com.br\/2019\/wp-content\/uploads\/2022\/04\/tiro2-1068x747.jpg 1068w, https:\/\/jorgezanoni.com.br\/2019\/wp-content\/uploads\/2022\/04\/tiro2-601x420.jpg 601w\" sizes=\"auto, (max-width: 1080px) 100vw, 1080px\" \/><\/p>\n<p>Fonte: Com. Social Pol\u00edcia Civil<\/p>\n","protected":false},"excerpt":{"rendered":"<p>Nesta quarta-feira (20), a convite do 1\u00ba Sgt. do Ex\u00e9rcito Thiago Cesar Marques de Carvalho, chefe de instru\u00e7\u00e3o do Tiro de Guerra &#8211; 02\/82, o agente policial Reginaldo Rosa participou da solenidade formatura dos atiradores em homenagem ao Dia do Ex\u00e9rcito Brasileiro. O calend\u00e1rio marca o dia 19 de abril como o dia do Ex\u00e9rcito [&hellip;]<\/p>\n","protected":false},"author":1,"featured_media":62479,"comment_status":"closed","ping_status":"open","sticky":false,"template":"","format":"standard","meta":{"footnotes":""},"categories":[110,2],"tags":[],"class_list":["post-62478","post","type-post","status-publish","format-standard","has-post-thumbnail","hentry","category-noticiasdestaque","category-policial"],"_links":{"self":[{"href":"https:\/\/jorgezanoni.com.br\/2019\/wp-json\/wp\/v2\/posts\/62478","targetHints":{"allow":["GET"]}}],"collection":[{"href":"https:\/\/jorgezanoni.com.br\/2019\/wp-json\/wp\/v2\/posts"}],"about":[{"href":"https:\/\/jorgezanoni.com.br\/2019\/wp-json\/wp\/v2\/types\/post"}],"author":[{"embeddable":true,"href":"https:\/\/jorgezanoni.com.br\/2019\/wp-json\/wp\/v2\/users\/1"}],"replies":[{"embeddable":true,"href":"https:\/\/jorgezanoni.com.br\/2019\/wp-json\/wp\/v2\/comments?post=62478"}],"version-history":[{"count":0,"href":"https:\/\/jorgezanoni.com.br\/2019\/wp-json\/wp\/v2\/posts\/62478\/revisions"}],"wp:featuredmedia":[{"embeddable":true,"href":"https:\/\/jorgezanoni.com.br\/2019\/wp-json\/wp\/v2\/media\/62479"}],"wp:attachment":[{"href":"https:\/\/jorgezanoni.com.br\/2019\/wp-json\/wp\/v2\/media?parent=62478"}],"wp:term":[{"taxonomy":"category","embeddable":true,"href":"https:\/\/jorgezanoni.com.br\/2019\/wp-json\/wp\/v2\/categories?post=62478"},{"taxonomy":"post_tag","embeddable":true,"href":"https:\/\/jorgezanoni.com.br\/2019\/wp-json\/wp\/v2\/tags?post=62478"}],"curies":[{"name":"wp","href":"https:\/\/api.w.org\/{rel}","templated":true}]}}