{"id":62417,"date":"2022-04-20T18:50:20","date_gmt":"2022-04-20T18:50:20","guid":{"rendered":"https:\/\/jorgezanoni.com.br\/2019\/?p=62417"},"modified":"2022-04-20T18:50:20","modified_gmt":"2022-04-20T18:50:20","slug":"pensando-em-realizar-o-tratamento-com-implantes-dentarios","status":"publish","type":"post","link":"https:\/\/jorgezanoni.com.br\/2019\/pensando-em-realizar-o-tratamento-com-implantes-dentarios\/","title":{"rendered":"Pensando em realizar o tratamento com implantes dent\u00e1rios?"},"content":{"rendered":"<h2 class=\"content-head__subtitle\" style=\"text-align: justify;\"><strong>Tratamento \u00e9 indicado a pacientes que usam dentadura, ponte m\u00f3vel e que tenham perdido um ou todos os dentes.<\/strong><\/h2>\n<div class=\"mc-column content-text active-extra-styles active-capital-letter\" style=\"text-align: justify;\" data-block-type=\"unstyled\" data-block-weight=\"56\" data-block-id=\"1\">\n<p class=\"content-text__container theme-color-primary-first-letter\" data-track-category=\"Link no Texto\" data-track-links=\"\">O implante dent\u00e1rio \u00e9 uma realidade da odontologia moderna e tem se tornado cada vez mais acess\u00edvel \u00e0 popula\u00e7\u00e3o. O tratamento pode ser realizado em qualquer pessoa, desde que tenha finalizado o per\u00edodo de crescimento \u00f3sseo, que acontece na maioria dos casos em mulheres entre 17 e 18 anos e homens entre 18 e 19 anos.<\/p>\n<\/div>\n<div class=\"wall protected-content\">\n<div class=\"mc-column content-text active-extra-styles \" style=\"text-align: justify;\" data-block-type=\"unstyled\" data-block-weight=\"59\" data-block-id=\"2\">\n<p class=\"content-text__container \" data-track-category=\"Link no Texto\" data-track-links=\"\">O Dr. Danilo Gomes de Fran\u00e7a, \u00e9 respons\u00e1vel t\u00e9cnica da rede de cl\u00ednicas Oral Sin Implantes (CRO-SP:95.464), Oralsin EPAO 024124, listou os cinco principais motivos para a realiza\u00e7\u00e3o deste tratamento que \u00e9 recomendado para quem usa dentadura e ponte m\u00f3vel. Segundo ele, o implante dent\u00e1rio \u00e9 o melhor procedimento para reestabelecer a fun\u00e7\u00e3o mastigat\u00f3ria e voltar a sorrir com tranquilidade.<\/p>\n<\/div>\n<div class=\"mc-column content-text active-extra-styles \" style=\"text-align: justify;\" data-block-type=\"unstyled\" data-block-weight=\"50\" data-block-id=\"3\">\n<p class=\"content-text__container \" data-track-category=\"Link no Texto\" data-track-links=\"\">1- Perda dos dentes: estima-se que 60% da popula\u00e7\u00e3o brasileira convive com a falta de um ou mais dentes. A faixa et\u00e1ria com maior incid\u00eancia est\u00e1 entre 40 e 50 anos, entretanto, qualquer pessoa pode perder seus dentes antes desta idade, seja por problemas na estrutura dent\u00e1ria ou outras ocorr\u00eancias.<\/p>\n<\/div>\n<div class=\"mc-column content-text active-extra-styles \" style=\"text-align: justify;\" data-block-type=\"unstyled\" data-block-weight=\"48\" data-block-id=\"4\">\n<p class=\"content-text__container \" data-track-category=\"Link no Texto\" data-track-links=\"\">2- Inexist\u00eancia de dores: a regi\u00e3o \u00f3ssea possui pouca inerva\u00e7\u00e3o para dor, que \u00e9 facilmente controlada com anestesia local. Al\u00e9m disso, o tratamento com implantes dent\u00e1rios pode ser realizado atrav\u00e9s da seda\u00e7\u00e3o consciente, diminuindo o n\u00edvel de consci\u00eancia do paciente sem afetar a respira\u00e7\u00e3o, est\u00edmulos ou comandos verbais.<\/p>\n<\/div>\n<div class=\"mc-column content-text active-extra-styles \" style=\"text-align: justify;\" data-block-type=\"unstyled\" data-block-weight=\"33\" data-block-id=\"6\">\n<p class=\"content-text__container \" data-track-category=\"Link no Texto\" data-track-links=\"\">3- Efici\u00eancia do procedimento: n\u00e3o existe rejei\u00e7\u00e3o. As complica\u00e7\u00f5es causadas, que raras vezes acontecem, s\u00e3o apenas no ato cir\u00fargico ou no p\u00f3s-operat\u00f3rio, devido a qualidade do osso ou problemas mec\u00e2nicos relacionados \u00e0 pr\u00f3tese.<\/p>\n<\/div>\n<div class=\"mc-column content-text active-extra-styles \" style=\"text-align: justify;\" data-block-type=\"unstyled\" data-block-weight=\"44\" data-block-id=\"7\">\n<p class=\"content-text__container \" data-track-category=\"Link no Texto\" data-track-links=\"\">4- Simplicidade e seguran\u00e7a: Com o desenvolvimento acelerado da tecnologia, j\u00e1 \u00e9 poss\u00edvel reduzir o tempo de tratamento, podendo ser iniciado e finalizado em apenas tr\u00eas dias. O tempo de cicatriza\u00e7\u00e3o \u00f3ssea tamb\u00e9m \u00e9 menor, com um \u00edndice de sucesso de 99% dos casos.<\/p>\n<\/div>\n<div class=\"mc-column content-text active-extra-styles \" style=\"text-align: justify;\" data-block-type=\"unstyled\" data-block-weight=\"37\" data-block-id=\"8\">\n<p class=\"content-text__container \" data-track-category=\"Link no Texto\" data-track-links=\"\">5- Satisfa\u00e7\u00e3o: Pessoas com falta de dentes tem mais dificuldade para se relacionar, arrumar um emprego e outras eventualidades. O desconforto psicol\u00f3gico pela falta dos dentes \u00e9 o maior impacto negativo na qualidade de vida das pessoas.<\/p>\n<\/div>\n<div class=\"mc-column content-text active-extra-styles \" style=\"text-align: justify;\" data-block-type=\"unstyled\" data-block-weight=\"10\" data-block-id=\"9\">\n<p class=\"content-text__container \" data-track-category=\"Link no Texto\" data-track-links=\"\"><strong>Quem fez aponta melhora significativa em qualidade de vida<\/strong><\/p>\n<\/div>\n<div class=\"mc-column content-text active-extra-styles \" style=\"text-align: justify;\" data-block-type=\"unstyled\" data-block-weight=\"64\" data-block-id=\"10\">\n<p class=\"content-text__container \" data-track-category=\"Link no Texto\" data-track-links=\"\">A senhora Maria Basso, 61 anos, duvidava da efici\u00eancia do tratamento. Ela usava pr\u00f3tese desde os 16 anos de idade e sempre relatou muita dificuldade. \u201cEu morei muito tempo no s\u00edtio. Naquela \u00e9poca se doesse o dente, o dentista extraia. Foram in\u00fameras situa\u00e7\u00f5es dif\u00edceis ao longo da minha vida em churrascarias, pizzarias e festas. S\u00f3 quem usa dentadura sabe o quanto \u00e9 dif\u00edcil\u201d, disse.<\/p>\n<\/div>\n<div class=\"mc-column content-text active-extra-styles \" style=\"text-align: justify;\" data-block-type=\"unstyled\" data-block-weight=\"84\" data-block-id=\"11\">\n<p class=\"content-text__container \" data-track-category=\"Link no Texto\" data-track-links=\"\">Apoiada pela amiga Ladaete Pelegrini, 64 anos, que indicou o tratamento com implantes dent\u00e1rios, Maria Basso aponta uma melhora significativa em sua qualidade de vida. \u201cAgora eu como de tudo. Sou uma pessoa muito mais feliz. A autoestima muda radicalmente. Vivo como se fosse uma adolescente, me sentindo mais bonita e com o sorriso que eu sempre desejei\u201d, disse Maria Basso. \u201cSou grata pela amizade dela, que falou sobre o implante dent\u00e1rio, transformando al\u00e9m do sorriso, a vida dela e a minha tamb\u00e9m\u201d, completou.<\/p>\n<\/div>\n<div class=\"row medium-uncollapsed content-media content-photo\" style=\"text-align: justify;\" data-block-type=\"backstage-photo\" data-block-id=\"13\">\n<div class=\"mc-column content-media__container\">\n<div class=\"content-media-container glb-skeleton-box\">\n<figure class=\"content-media-figure\"><img decoding=\"async\" class=\"i-amphtml-fill-content i-amphtml-replaced-content\" src=\"https:\/\/s2.glbimg.com\/eQ6kK2GwEEzPCDHkiVLJk2HVbvE=\/0x0:1400x788\/984x0\/smart\/filters:strip_icc()\/i.s3.glbimg.com\/v1\/AUTH_59edd422c0c84a879bd37670ae4f538a\/internal_photos\/bs\/2019\/9\/3\/uBMhbvScSnw6uAdr3qFA\/foto-materia.jpg\" sizes=\"(max-width: 1366px) 648px, 100vw\" srcset=\"https:\/\/s2.glbimg.com\/FRremTrdvrRlnBwKPQ9kCA6ov5s=\/0x0:1400x788\/1000x0\/smart\/filters:strip_icc()\/i.s3.glbimg.com\/v1\/AUTH_59edd422c0c84a879bd37670ae4f538a\/internal_photos\/bs\/2019\/9\/3\/uBMhbvScSnw6uAdr3qFA\/foto-materia.jpg 1000w, https:\/\/s2.glbimg.com\/eQ6kK2GwEEzPCDHkiVLJk2HVbvE=\/0x0:1400x788\/984x0\/smart\/filters:strip_icc()\/i.s3.glbimg.com\/v1\/AUTH_59edd422c0c84a879bd37670ae4f538a\/internal_photos\/bs\/2019\/9\/3\/uBMhbvScSnw6uAdr3qFA\/foto-materia.jpg 984w, https:\/\/s2.glbimg.com\/9D72ZvdLu_b1WqCqBROSUGifHYA=\/0x0:1400x788\/640x0\/smart\/filters:strip_icc()\/i.s3.glbimg.com\/v1\/AUTH_59edd422c0c84a879bd37670ae4f538a\/internal_photos\/bs\/2019\/9\/3\/uBMhbvScSnw6uAdr3qFA\/foto-materia.jpg 640w, https:\/\/s2.glbimg.com\/qE9sPqt87xFDENESEm6kItKhDLs=\/0x0:1400x788\/600x0\/smart\/filters:strip_icc()\/i.s3.glbimg.com\/v1\/AUTH_59edd422c0c84a879bd37670ae4f538a\/internal_photos\/bs\/2019\/9\/3\/uBMhbvScSnw6uAdr3qFA\/foto-materia.jpg 600w\" alt=\"Maria Basso (\u00e0 esquerda) e Ladaete Pelegrini (\u00e0 direita), pacientes da Oral Sin Implantes, s\u00e3o respons\u00e1veis pela indica\u00e7\u00e3o do tratamento h\u00e1 mais de dez pessoas, entre familiares, vizinhos e outros amigos. \u2014 Foto: arquivo Oral Sin Implantes. \" \/><\/figure>\n<\/div>\n<p class=\"content-media__description \">Maria Basso (\u00e0 esquerda) e Ladaete Pelegrini (\u00e0 direita), pacientes da Oral Sin Implantes, s\u00e3o respons\u00e1veis pela indica\u00e7\u00e3o do tratamento h\u00e1 mais de dez pessoas, entre familiares, vizinhos e outros amigos. \u2014 Foto: arquivo Oral Sin Implantes.<\/p>\n<\/div>\n<\/div>\n<div class=\"mc-column content-text active-extra-styles \" style=\"text-align: justify;\" data-block-type=\"unstyled\" data-block-weight=\"8\" data-block-id=\"14\">\n<p class=\"content-text__container \" data-track-category=\"Link no Texto\" data-track-links=\"\"><strong>Busque uma cl\u00ednica refer\u00eancia e especialista no assunto<\/strong><\/p>\n<\/div>\n<div class=\"mc-column content-text active-extra-styles \" style=\"text-align: justify;\" data-block-type=\"unstyled\" data-block-weight=\"51\" data-block-id=\"15\">\n<p class=\"content-text__container \" data-track-category=\"Link no Texto\" data-track-links=\"\">O desejo de qualquer pessoa quando submetido ao tratamento com implantes dent\u00e1rios \u00e9 ser bem atendido, al\u00e9m de prestado todas as informa\u00e7\u00f5es e, principalmente, efici\u00eancia em todas as etapas do procedimento. A Oral Sin Implantes, por exemplo, \u00e9 considerada a rede de cl\u00ednicas N\u00ba 1 em implantes dent\u00e1rios do Brasil.<\/p>\n<\/div>\n<div class=\"mc-column content-text active-extra-styles \" style=\"text-align: justify;\" data-block-type=\"unstyled\" data-block-weight=\"54\" data-block-id=\"16\">\n<p class=\"content-text__container \" data-track-category=\"Link no Texto\" data-track-links=\"\">S\u00e3o aproximadamente 200 unidades em todas regi\u00f5es do pa\u00eds e uma \u00fanica miss\u00e3o: promover sa\u00fade aos pacientes atrav\u00e9s de um atendimento odontol\u00f3gico com excel\u00eancia e de forma humanizada. O compromisso da Oral Sin Implantes \u00e9 transformar al\u00e9m do sorriso, a vida das pessoas, devolvendo autoestima, felicidade e a satisfa\u00e7\u00e3o de viver uma vida plena.<\/p>\n<\/div>\n<div data-track-category=\"multicontent\" data-track-action=\"ultimo chunk conteudo\" data-track-noninteraction=\"false\" data-track-scroll=\"view\">\n<div class=\"mc-column content-text active-extra-styles \" data-block-type=\"unstyled\" data-block-weight=\"50\" data-block-id=\"18\">\n<p class=\"content-text__container \" style=\"text-align: justify;\" data-track-category=\"Link no Texto\" data-track-links=\"\">Em Dracena, a cl\u00ednica est\u00e1 localizada bem no centro da cidade, na avenida Presidente Roosevelt, n\u00ba 335. Para agendar uma avalia\u00e7\u00e3o basta ligar no telefone (18) <a class=\"oajrlxb2 g5ia77u1 qu0x051f esr5mh6w e9989ue4 r7d6kgcz rq0escxv nhd2j8a9 nc684nl6 p7hjln8o kvgmc6g5 cxmmr5t8 oygrvhab hcukyx3x jb3vyjys rz4wbd8a qt6c0cv9 a8nywdso i1ao9s8h esuyzwwr f1sip0of lzcic4wl gpro0wi8 py34i1dx\" tabindex=\"0\" role=\"link\" href=\"https:\/\/api.whatsapp.com\/send?phone=5518991305822&amp;app=facebook&amp;entry_point=page_cta&amp;fbclid=IwAR3YwmREhHDZLDr-Y450Wi619aaZj2-2oYRyJrioY9FAwpkyPfJTs_ONHAk\" target=\"_blank\" rel=\"nofollow noopener\">99130-5822<\/a>. Os atendimentos acontecem de segunda a sexta-feira, das 8h30 \u00e0s 19h. Para mais informa\u00e7\u00f5es acesse: (<a href=\"https:\/\/oralsin.com.br\/presidenteprudente\" target=\"_blank\" rel=\"noopener\">https:\/\/oralsin.com.br\/presidenteprudente<\/a>).<\/p>\n<p style=\"text-align: justify;\" data-track-category=\"Link no Texto\" data-track-links=\"\">Fonte: Oral Sin Implantes<\/p>\n<p data-track-category=\"Link no Texto\" data-track-links=\"\">\n<\/div>\n<\/div>\n<\/div>\n","protected":false},"excerpt":{"rendered":"<p>Tratamento \u00e9 indicado a pacientes que usam dentadura, ponte m\u00f3vel e que tenham perdido um ou todos os dentes. O implante dent\u00e1rio \u00e9 uma realidade da odontologia moderna e tem se tornado cada vez mais acess\u00edvel \u00e0 popula\u00e7\u00e3o. O tratamento pode ser realizado em qualquer pessoa, desde que tenha finalizado o per\u00edodo de crescimento \u00f3sseo, [&hellip;]<\/p>\n","protected":false},"author":1,"featured_media":62419,"comment_status":"closed","ping_status":"open","sticky":false,"template":"","format":"standard","meta":{"footnotes":""},"categories":[110,122],"tags":[],"class_list":["post-62417","post","type-post","status-publish","format-standard","has-post-thumbnail","hentry","category-noticiasdestaque","category-saudeeducacaoeconcurso"],"_links":{"self":[{"href":"https:\/\/jorgezanoni.com.br\/2019\/wp-json\/wp\/v2\/posts\/62417","targetHints":{"allow":["GET"]}}],"collection":[{"href":"https:\/\/jorgezanoni.com.br\/2019\/wp-json\/wp\/v2\/posts"}],"about":[{"href":"https:\/\/jorgezanoni.com.br\/2019\/wp-json\/wp\/v2\/types\/post"}],"author":[{"embeddable":true,"href":"https:\/\/jorgezanoni.com.br\/2019\/wp-json\/wp\/v2\/users\/1"}],"replies":[{"embeddable":true,"href":"https:\/\/jorgezanoni.com.br\/2019\/wp-json\/wp\/v2\/comments?post=62417"}],"version-history":[{"count":0,"href":"https:\/\/jorgezanoni.com.br\/2019\/wp-json\/wp\/v2\/posts\/62417\/revisions"}],"wp:featuredmedia":[{"embeddable":true,"href":"https:\/\/jorgezanoni.com.br\/2019\/wp-json\/wp\/v2\/media\/62419"}],"wp:attachment":[{"href":"https:\/\/jorgezanoni.com.br\/2019\/wp-json\/wp\/v2\/media?parent=62417"}],"wp:term":[{"taxonomy":"category","embeddable":true,"href":"https:\/\/jorgezanoni.com.br\/2019\/wp-json\/wp\/v2\/categories?post=62417"},{"taxonomy":"post_tag","embeddable":true,"href":"https:\/\/jorgezanoni.com.br\/2019\/wp-json\/wp\/v2\/tags?post=62417"}],"curies":[{"name":"wp","href":"https:\/\/api.w.org\/{rel}","templated":true}]}}