{"id":62414,"date":"2022-04-20T18:01:21","date_gmt":"2022-04-20T18:01:21","guid":{"rendered":"https:\/\/jorgezanoni.com.br\/2019\/?p=62414"},"modified":"2022-04-20T18:01:21","modified_gmt":"2022-04-20T18:01:21","slug":"projeto-asfa-abre-vagas-para-atividades-esportivas-e-danca","status":"publish","type":"post","link":"https:\/\/jorgezanoni.com.br\/2019\/projeto-asfa-abre-vagas-para-atividades-esportivas-e-danca\/","title":{"rendered":"Projeto ASFA abre vagas para atividades esportivas e dan\u00e7a"},"content":{"rendered":"<p style=\"text-align: justify;\">Veja hor\u00e1rios e atividades que s\u00e3o desenvolvidas no projeto:<\/p>\n<p style=\"text-align: justify;\">Crian\u00e7as de 6 a 9 anos<br \/>\nNascidos entre 2013 a 2016<br \/>\nFutsal\u26bd<\/p>\n<p style=\"text-align: justify;\">Segunda 15:30h \u00e0s 17h<br \/>\nSexta 16:30h \u00e0s 18h<\/p>\n<p style=\"text-align: justify;\">11 e 12 anos &#8211; nascidos em 2011 e 2012<br \/>\nQuarta 15:30h \u00e0s 17h<br \/>\nSexta 18h \u00e0s 19:30h<\/p>\n<p style=\"text-align: justify;\">Karat\u00ea \ud83e\udd4b<br \/>\n5 a 11 anos<br \/>\nSegunda e quarta 17h \u00e0s 18:30h<\/p>\n<p style=\"text-align: justify;\">12 a 17 anos<br \/>\nSegunda e quarta 18:30h \u00e0s 20h<\/p>\n<p style=\"text-align: justify;\">Inscri\u00e7\u00f5es abertas para aulas de karat\u00ea (professor Alex) e futsal (professor Juliano e Jordani) no projeto ASFA<\/p>\n<p style=\"text-align: justify;\">Procurar J\u00e9ssica ou Shayela<\/p>\n<p style=\"text-align: justify;\">Levar RG, CPF do respons\u00e1vel, Comprovante de resid\u00eancia, Comprovante de renda e Certid\u00e3o de nascimento da crian\u00e7a<\/p>\n<p style=\"text-align: justify;\">S\u00e3o 20 a 25 vagas por turma, caso estejam preenchidas ser\u00e1 feita lista de espera.<\/p>\n<p style=\"text-align: justify;\">As atividades s\u00e3o todas GRATU\u00cdTAS.!!!<\/p>\n<p style=\"text-align: justify;\">CONTADOS:<\/p>\n<p style=\"text-align: justify;\">(18) 3823-1560<br \/>\nA\u00e9cio de Feo Flora, 514<br \/>\nEm hor\u00e1rio comercial<\/p>\n","protected":false},"excerpt":{"rendered":"<p>Veja hor\u00e1rios e atividades que s\u00e3o desenvolvidas no projeto: Crian\u00e7as de 6 a 9 anos Nascidos entre 2013 a 2016 Futsal\u26bd Segunda 15:30h \u00e0s 17h Sexta 16:30h \u00e0s 18h 11 e 12 anos &#8211; nascidos em 2011 e 2012 Quarta 15:30h \u00e0s 17h Sexta 18h \u00e0s 19:30h Karat\u00ea \ud83e\udd4b 5 a 11 anos Segunda e [&hellip;]<\/p>\n","protected":false},"author":1,"featured_media":62415,"comment_status":"closed","ping_status":"open","sticky":false,"template":"","format":"standard","meta":{"footnotes":""},"categories":[111,110],"tags":[],"class_list":["post-62414","post","type-post","status-publish","format-standard","has-post-thumbnail","hentry","category-esporteecultura","category-noticiasdestaque"],"_links":{"self":[{"href":"https:\/\/jorgezanoni.com.br\/2019\/wp-json\/wp\/v2\/posts\/62414","targetHints":{"allow":["GET"]}}],"collection":[{"href":"https:\/\/jorgezanoni.com.br\/2019\/wp-json\/wp\/v2\/posts"}],"about":[{"href":"https:\/\/jorgezanoni.com.br\/2019\/wp-json\/wp\/v2\/types\/post"}],"author":[{"embeddable":true,"href":"https:\/\/jorgezanoni.com.br\/2019\/wp-json\/wp\/v2\/users\/1"}],"replies":[{"embeddable":true,"href":"https:\/\/jorgezanoni.com.br\/2019\/wp-json\/wp\/v2\/comments?post=62414"}],"version-history":[{"count":0,"href":"https:\/\/jorgezanoni.com.br\/2019\/wp-json\/wp\/v2\/posts\/62414\/revisions"}],"wp:featuredmedia":[{"embeddable":true,"href":"https:\/\/jorgezanoni.com.br\/2019\/wp-json\/wp\/v2\/media\/62415"}],"wp:attachment":[{"href":"https:\/\/jorgezanoni.com.br\/2019\/wp-json\/wp\/v2\/media?parent=62414"}],"wp:term":[{"taxonomy":"category","embeddable":true,"href":"https:\/\/jorgezanoni.com.br\/2019\/wp-json\/wp\/v2\/categories?post=62414"},{"taxonomy":"post_tag","embeddable":true,"href":"https:\/\/jorgezanoni.com.br\/2019\/wp-json\/wp\/v2\/tags?post=62414"}],"curies":[{"name":"wp","href":"https:\/\/api.w.org\/{rel}","templated":true}]}}