{"id":62408,"date":"2022-04-20T17:13:36","date_gmt":"2022-04-20T17:13:36","guid":{"rendered":"https:\/\/jorgezanoni.com.br\/2019\/?p=62408"},"modified":"2022-04-20T17:13:36","modified_gmt":"2022-04-20T17:13:36","slug":"policia-militar-prende-homem-em-flagrante-por-trafico-de-drogas-em-dracena-3","status":"publish","type":"post","link":"https:\/\/jorgezanoni.com.br\/2019\/policia-militar-prende-homem-em-flagrante-por-trafico-de-drogas-em-dracena-3\/","title":{"rendered":"Pol\u00edcia Militar prende homem em flagrante por Tr\u00e1fico de Drogas em Dracena"},"content":{"rendered":"<p style=\"text-align: justify;\"><strong>NO COMBATE AO TR\u00c1FICO: POL\u00cdCIA MILITAR PRENDE HOMEM EM FLAGRANTE NO MOMENTO QUE EMBALAVA DROGAS PARA O TR\u00c1FICO EM DRACENA E APREENDE MAIS DE 70 PAPELOTES DE CRACK E V\u00c1RIOS APETRECHOS.<\/strong><\/p>\n<p style=\"text-align: justify;\">Na data de ontem (19) por volta das 19h a equipe da Pol\u00edcia Militar recebeu informa\u00e7\u00f5es que na linha f\u00e9rrea no final da rua Fagundes Varela teria v\u00e1rios indiv\u00edduos embalando e realizando o tr\u00e1fico de drogas pelo pasto e esta equipe deslocou para o local utilizando o pasto para tentar surpreender os indiv\u00edduos embalando e vendendo a droga. Chegando no local foi avistado dois indiv\u00edduos sentados em um sof\u00e1 embalando a droga e conversando sobre a venda, momento que foi dado ordem de parada onde os dois indiv\u00edduos correram e um deles tomando destino ignorado e o outro sendo acompanhado pela equipe e sendo visualizado o autor (homem 23 anos) tirando do bolso da blusa uma sacola de cor branca e ap\u00f3s alguns metros foi poss\u00edvel a abordagem. Ap\u00f3s a abordagem foi localizado dentro da sacola sessenta e uma pedras de crack e onze pedras de crack de tamanho grande. No local onde os indiv\u00edduos estavam foi localizado v\u00e1rios utens\u00edlios (apetrechos) para embalar a droga. Foi dado voz de pris\u00e3o e o autor permaneceu a disposi\u00e7\u00e3o da Justi\u00e7a.<\/p>\n<p style=\"text-align: justify;\">#25bpmi<br \/>\n#cpi8<br \/>\n#POLICIAMILITARSP<br \/>\n#AFOR\u00c7AP\u00daBLICADES\u00c3OPAULO<br \/>\nComunica\u00e7\u00e3o Social do 25BPMI e regi\u00e3o<\/p>\n","protected":false},"excerpt":{"rendered":"<p>NO COMBATE AO TR\u00c1FICO: POL\u00cdCIA MILITAR PRENDE HOMEM EM FLAGRANTE NO MOMENTO QUE EMBALAVA DROGAS PARA O TR\u00c1FICO EM DRACENA E APREENDE MAIS DE 70 PAPELOTES DE CRACK E V\u00c1RIOS APETRECHOS. Na data de ontem (19) por volta das 19h a equipe da Pol\u00edcia Militar recebeu informa\u00e7\u00f5es que na linha f\u00e9rrea no final da rua [&hellip;]<\/p>\n","protected":false},"author":1,"featured_media":62409,"comment_status":"closed","ping_status":"open","sticky":false,"template":"","format":"standard","meta":{"footnotes":""},"categories":[110,2],"tags":[],"class_list":["post-62408","post","type-post","status-publish","format-standard","has-post-thumbnail","hentry","category-noticiasdestaque","category-policial"],"_links":{"self":[{"href":"https:\/\/jorgezanoni.com.br\/2019\/wp-json\/wp\/v2\/posts\/62408","targetHints":{"allow":["GET"]}}],"collection":[{"href":"https:\/\/jorgezanoni.com.br\/2019\/wp-json\/wp\/v2\/posts"}],"about":[{"href":"https:\/\/jorgezanoni.com.br\/2019\/wp-json\/wp\/v2\/types\/post"}],"author":[{"embeddable":true,"href":"https:\/\/jorgezanoni.com.br\/2019\/wp-json\/wp\/v2\/users\/1"}],"replies":[{"embeddable":true,"href":"https:\/\/jorgezanoni.com.br\/2019\/wp-json\/wp\/v2\/comments?post=62408"}],"version-history":[{"count":0,"href":"https:\/\/jorgezanoni.com.br\/2019\/wp-json\/wp\/v2\/posts\/62408\/revisions"}],"wp:featuredmedia":[{"embeddable":true,"href":"https:\/\/jorgezanoni.com.br\/2019\/wp-json\/wp\/v2\/media\/62409"}],"wp:attachment":[{"href":"https:\/\/jorgezanoni.com.br\/2019\/wp-json\/wp\/v2\/media?parent=62408"}],"wp:term":[{"taxonomy":"category","embeddable":true,"href":"https:\/\/jorgezanoni.com.br\/2019\/wp-json\/wp\/v2\/categories?post=62408"},{"taxonomy":"post_tag","embeddable":true,"href":"https:\/\/jorgezanoni.com.br\/2019\/wp-json\/wp\/v2\/tags?post=62408"}],"curies":[{"name":"wp","href":"https:\/\/api.w.org\/{rel}","templated":true}]}}