{"id":62404,"date":"2022-04-20T16:01:26","date_gmt":"2022-04-20T16:01:26","guid":{"rendered":"https:\/\/jorgezanoni.com.br\/2019\/?p=62404"},"modified":"2022-04-20T16:01:26","modified_gmt":"2022-04-20T16:01:26","slug":"lei-existe-porem-nao-se-cumpre-e-ninguem-ve-fiscalizacao","status":"publish","type":"post","link":"https:\/\/jorgezanoni.com.br\/2019\/lei-existe-porem-nao-se-cumpre-e-ninguem-ve-fiscalizacao\/","title":{"rendered":"Lei existe, por\u00e9m n\u00e3o se cumpre e ningu\u00e9m v\u00ea fiscaliza\u00e7\u00e3o"},"content":{"rendered":"<p style=\"text-align: justify;\">Existe uma Lei que obriga o uso de redes de seguran\u00e7a ou lonas quando do transporte de cargas nas vias p\u00fablicas pelas empresas de ca\u00e7ambas e carrinhos de tra\u00e7\u00e3o animal, inclusive todos os servi\u00e7os p\u00fablicos dessa ordem.<\/p>\n<p style=\"text-align: justify;\">Esse flagrante foi feito h\u00e1 alguns dias na Avenida Presidente Vargas em Dracena, onde houve uma demoli\u00e7\u00e3o de resid\u00eancia e o transporte estava sendo feito de forma irregular, inclusive o caminh\u00e3o virava na Rua Gast\u00e3o Vidigal.<\/p>\n<p style=\"text-align: justify;\">Se existe Lei, precisa ser cumprida, n\u00e3o pode ficar s\u00f3 no papel.<\/p>\n<p><img loading=\"lazy\" decoding=\"async\" class=\"alignnone size-full wp-image-62405\" src=\"https:\/\/jorgezanoni.com.br\/2019\/wp-content\/uploads\/2022\/04\/IMG_4202.jpg\" alt=\"\" width=\"700\" height=\"525\" srcset=\"https:\/\/jorgezanoni.com.br\/2019\/wp-content\/uploads\/2022\/04\/IMG_4202.jpg 700w, https:\/\/jorgezanoni.com.br\/2019\/wp-content\/uploads\/2022\/04\/IMG_4202-300x225.jpg 300w, https:\/\/jorgezanoni.com.br\/2019\/wp-content\/uploads\/2022\/04\/IMG_4202-80x60.jpg 80w, https:\/\/jorgezanoni.com.br\/2019\/wp-content\/uploads\/2022\/04\/IMG_4202-265x198.jpg 265w, https:\/\/jorgezanoni.com.br\/2019\/wp-content\/uploads\/2022\/04\/IMG_4202-696x522.jpg 696w, https:\/\/jorgezanoni.com.br\/2019\/wp-content\/uploads\/2022\/04\/IMG_4202-560x420.jpg 560w\" sizes=\"auto, (max-width: 700px) 100vw, 700px\" \/><\/p>\n<p style=\"text-align: justify;\">Jorge Zanoni<\/p>\n<p style=\"text-align: justify;\"><strong>VEJA A LEI COMPLEMENTAR NA \u00cdNTEGRA:<\/strong><\/p>\n<p style=\"text-align: justify;\"><u>LEI COMPLEMENTAR N.\u00ba 525 &#8211; DE 18 DE NOVEMBRO DE 2021<\/u><\/p>\n<p style=\"text-align: justify;\">AUTORIA: Vereador Julio C\u00e9sar Monteiro da Silva<\/p>\n<p style=\"text-align: justify;\">Disp\u00f5e sobre a inclus\u00e3o do artigo 24-C e par\u00e1grafo \u00fanico \u00e0 Lei Complementar n\u00ba 050, de 17\/10\/95, que institui o C\u00f3digo de Posturas do Munic\u00edpio de Dracena.<\/p>\n<p style=\"text-align: justify;\">ANDRE KOZAN LEMOS,\u00a0 Prefeito\u00a0 Municipal\u00a0 de Dracena, Estado de S\u00e3o Paulo, usando das atribui\u00e7\u00f5es que lhe s\u00e3o conferidas por lei.<\/p>\n<p style=\"text-align: justify;\">FAZ SABER QUE A C\u00c2MARA MUNICIPAL APROVOU E ELE SANCIONA E PROMULGA A SEGUINTE LEI COMPLEMENTAR:<\/p>\n<p style=\"text-align: justify;\">\u00a0\u00a0\u00a0\u00a0\u00a0\u00a0\u00a0\u00a0 <strong>Art. 1\u00ba &#8211;<\/strong> Fica inclu\u00eddo \u00e0 Lei Complementar n\u00ba 050, de 17 de outubro de 1995, o artigo 24 \u2013C e par\u00e1grafo \u00fanico com a seguinte reda\u00e7\u00e3o:<\/p>\n<p style=\"text-align: justify;\">\u00a0\u00a0\u00a0\u00a0\u00a0\u00a0\u00a0\u00a0 <strong>Artigo 24 &#8211; C<\/strong> &#8211; Fica obrigado na cidade de Dracena o uso de redes de seguran\u00e7a ou lonas quando do transporte de cargas nas vias p\u00fablicas pelas empresas de ca\u00e7ambas e carrinhos de tra\u00e7\u00e3o animal, inclusive todos os servi\u00e7os p\u00fablicos.<\/p>\n<p style=\"text-align: justify;\">\u00a0\u00a0\u00a0\u00a0\u00a0 \u00a0\u00a0 <strong>Par\u00e1grafo \u00danico. <\/strong>O infrator incorrer\u00e1 em multa de 3 UFM, dobrada a cada reincid\u00eancia.<\/p>\n<p style=\"text-align: justify;\"><strong>Art. 2\u00ba &#8211;<\/strong> Esta lei entra em vigor na data de sua publica\u00e7\u00e3o.<\/p>\n<p style=\"text-align: justify;\">\u00a0\u00a0\u00a0\u00a0\u00a0\u00a0\u00a0\u00a0\u00a0\u00a0\u00a0\u00a0\u00a0\u00a0\u00a0\u00a0\u00a0\u00a0\u00a0\u00a0\u00a0\u00a0\u00a0\u00a0\u00a0\u00a0\u00a0\u00a0\u00a0\u00a0\u00a0\u00a0 Gabinete do Prefeito Municipal<\/p>\n<p style=\"text-align: justify;\">Dracena, 18 de novembro \u00a0\u00a0de 2021.<\/p>\n<p style=\"text-align: justify;\">ANDR\u00c9 KOZAN LEMOS<\/p>\n<p style=\"text-align: justify;\">\u00a0\u00a0\u00a0\u00a0\u00a0 Prefeito Municipal<\/p>\n<p style=\"text-align: justify;\">Registrada e publicada por afixa\u00e7\u00e3o no lugar p\u00fablico do costume desta Prefeitura e na imprensa local.<\/p>\n<p style=\"text-align: justify;\">Dracena, data supra.<\/p>\n<p style=\"text-align: justify;\">MARLI BISCAINO BOTELHO AFFONSO<\/p>\n<p style=\"text-align: justify;\">\u00a0\u00a0\u00a0\u00a0\u00a0\u00a0\u00a0\u00a0\u00a0 Secret\u00e1ria de Assuntos Jur\u00eddicos<strong>\u00a0<\/strong><\/p>\n<p style=\"text-align: justify;\"><strong>CMC \u2013 017\/2021 \u00a0\u00a0\u00a0\u00a0\u00a0\u00a0\u00a0\u00a0\u00a0 <\/strong><\/p>\n","protected":false},"excerpt":{"rendered":"<p>Existe uma Lei que obriga o uso de redes de seguran\u00e7a ou lonas quando do transporte de cargas nas vias p\u00fablicas pelas empresas de ca\u00e7ambas e carrinhos de tra\u00e7\u00e3o animal, inclusive todos os servi\u00e7os p\u00fablicos dessa ordem. Esse flagrante foi feito h\u00e1 alguns dias na Avenida Presidente Vargas em Dracena, onde houve uma demoli\u00e7\u00e3o de [&hellip;]<\/p>\n","protected":false},"author":1,"featured_media":62406,"comment_status":"closed","ping_status":"open","sticky":false,"template":"","format":"standard","meta":{"footnotes":""},"categories":[180,110],"tags":[],"class_list":["post-62404","post","type-post","status-publish","format-standard","has-post-thumbnail","hentry","category-estradastransitoveiculos","category-noticiasdestaque"],"_links":{"self":[{"href":"https:\/\/jorgezanoni.com.br\/2019\/wp-json\/wp\/v2\/posts\/62404","targetHints":{"allow":["GET"]}}],"collection":[{"href":"https:\/\/jorgezanoni.com.br\/2019\/wp-json\/wp\/v2\/posts"}],"about":[{"href":"https:\/\/jorgezanoni.com.br\/2019\/wp-json\/wp\/v2\/types\/post"}],"author":[{"embeddable":true,"href":"https:\/\/jorgezanoni.com.br\/2019\/wp-json\/wp\/v2\/users\/1"}],"replies":[{"embeddable":true,"href":"https:\/\/jorgezanoni.com.br\/2019\/wp-json\/wp\/v2\/comments?post=62404"}],"version-history":[{"count":0,"href":"https:\/\/jorgezanoni.com.br\/2019\/wp-json\/wp\/v2\/posts\/62404\/revisions"}],"wp:featuredmedia":[{"embeddable":true,"href":"https:\/\/jorgezanoni.com.br\/2019\/wp-json\/wp\/v2\/media\/62406"}],"wp:attachment":[{"href":"https:\/\/jorgezanoni.com.br\/2019\/wp-json\/wp\/v2\/media?parent=62404"}],"wp:term":[{"taxonomy":"category","embeddable":true,"href":"https:\/\/jorgezanoni.com.br\/2019\/wp-json\/wp\/v2\/categories?post=62404"},{"taxonomy":"post_tag","embeddable":true,"href":"https:\/\/jorgezanoni.com.br\/2019\/wp-json\/wp\/v2\/tags?post=62404"}],"curies":[{"name":"wp","href":"https:\/\/api.w.org\/{rel}","templated":true}]}}