{"id":62384,"date":"2022-04-19T21:56:21","date_gmt":"2022-04-19T21:56:21","guid":{"rendered":"https:\/\/jorgezanoni.com.br\/2019\/?p=62384"},"modified":"2022-04-19T21:56:21","modified_gmt":"2022-04-19T21:56:21","slug":"tv-fronteira-envia-nota-a-pedido-do-site-jz-sobre-encerramento-da-sucursal-de-dracena","status":"publish","type":"post","link":"https:\/\/jorgezanoni.com.br\/2019\/tv-fronteira-envia-nota-a-pedido-do-site-jz-sobre-encerramento-da-sucursal-de-dracena\/","title":{"rendered":"TV Fronteira envia nota a pedido do Site JZ sobre encerramento da Sucursal de Dracena"},"content":{"rendered":"<p style=\"text-align: justify;\">Ap\u00f3s solicita\u00e7\u00e3o na tarde de ontem (18), a TV Fronteira enviou hoje (19), uma nota sobre o fechamento da Sucursal de Dracena, localizada na Rua Bahia.<\/p>\n<p style=\"text-align: justify;\">&#8220;Os desligamentos na sucursal de Dracena decorrem da estrat\u00e9gia empresarial da TV Fronteira de reestrutura\u00e7\u00e3o do jornalismo, que continuar\u00e1 atendendo a cidade e regi\u00e3o, a partir de um novo formato&#8221;<\/p>\n<p style=\"text-align: justify;\">Fonte: Ger\u00eancia da TV Fronteira<\/p>\n","protected":false},"excerpt":{"rendered":"<p>Ap\u00f3s solicita\u00e7\u00e3o na tarde de ontem (18), a TV Fronteira enviou hoje (19), uma nota sobre o fechamento da Sucursal de Dracena, localizada na Rua Bahia. &#8220;Os desligamentos na sucursal de Dracena decorrem da estrat\u00e9gia empresarial da TV Fronteira de reestrutura\u00e7\u00e3o do jornalismo, que continuar\u00e1 atendendo a cidade e regi\u00e3o, a partir de um novo [&hellip;]<\/p>\n","protected":false},"author":1,"featured_media":62385,"comment_status":"closed","ping_status":"open","sticky":false,"template":"","format":"standard","meta":{"footnotes":""},"categories":[179,184,110],"tags":[],"class_list":["post-62384","post","type-post","status-publish","format-standard","has-post-thumbnail","hentry","category-cidadeseregiao","category-dracena","category-noticiasdestaque"],"_links":{"self":[{"href":"https:\/\/jorgezanoni.com.br\/2019\/wp-json\/wp\/v2\/posts\/62384","targetHints":{"allow":["GET"]}}],"collection":[{"href":"https:\/\/jorgezanoni.com.br\/2019\/wp-json\/wp\/v2\/posts"}],"about":[{"href":"https:\/\/jorgezanoni.com.br\/2019\/wp-json\/wp\/v2\/types\/post"}],"author":[{"embeddable":true,"href":"https:\/\/jorgezanoni.com.br\/2019\/wp-json\/wp\/v2\/users\/1"}],"replies":[{"embeddable":true,"href":"https:\/\/jorgezanoni.com.br\/2019\/wp-json\/wp\/v2\/comments?post=62384"}],"version-history":[{"count":0,"href":"https:\/\/jorgezanoni.com.br\/2019\/wp-json\/wp\/v2\/posts\/62384\/revisions"}],"wp:featuredmedia":[{"embeddable":true,"href":"https:\/\/jorgezanoni.com.br\/2019\/wp-json\/wp\/v2\/media\/62385"}],"wp:attachment":[{"href":"https:\/\/jorgezanoni.com.br\/2019\/wp-json\/wp\/v2\/media?parent=62384"}],"wp:term":[{"taxonomy":"category","embeddable":true,"href":"https:\/\/jorgezanoni.com.br\/2019\/wp-json\/wp\/v2\/categories?post=62384"},{"taxonomy":"post_tag","embeddable":true,"href":"https:\/\/jorgezanoni.com.br\/2019\/wp-json\/wp\/v2\/tags?post=62384"}],"curies":[{"name":"wp","href":"https:\/\/api.w.org\/{rel}","templated":true}]}}