{"id":62378,"date":"2022-04-19T21:31:32","date_gmt":"2022-04-19T21:31:32","guid":{"rendered":"https:\/\/jorgezanoni.com.br\/2019\/?p=62378"},"modified":"2022-04-19T21:31:32","modified_gmt":"2022-04-19T21:31:32","slug":"sexta-feira-sera-ponto-facultativo-em-dracena","status":"publish","type":"post","link":"https:\/\/jorgezanoni.com.br\/2019\/sexta-feira-sera-ponto-facultativo-em-dracena\/","title":{"rendered":"Sexta-feira ser\u00e1 Ponto Facultativo em Dracena"},"content":{"rendered":"<div class=\"ntc_cont_descricao_noticia sw_txteditor\">\n<div style=\"text-align: justify;\"><strong>O prefeito Andr\u00e9 Lemos decretou hoje, 19\/04, ponto facultativo nesta sexta-feira, 22.<\/strong><\/div>\n<div style=\"text-align: justify;\">\nConforme o chefe do Executivo municipal, tal determina\u00e7\u00e3o acompanha\u00a0os decretos do Governo do Estado e do Governo Federal, publicados nesta data.<br \/>\nO atendimento nas reparti\u00e7\u00f5es p\u00fablicas do munic\u00edpio ocorre normalmente at\u00e9 amanh\u00e3, 20, retomando na segunda-feira, 25. Os servi\u00e7os essenciais como a coleta do lixo dom\u00e9stico e o funcionamento no Pronto Atendimento Municipal (PAM) continuar\u00e3o sem interrup\u00e7\u00e3o.<\/div>\n<div><\/div>\n<\/div>\n<div>Fonte: Diretoria de Comunica\u00e7\u00e3o<\/div>\n<div class=\"ntc_area_info_noticia sw_lato\">\n<div><\/div>\n<\/div>\n","protected":false},"excerpt":{"rendered":"<p>O prefeito Andr\u00e9 Lemos decretou hoje, 19\/04, ponto facultativo nesta sexta-feira, 22. Conforme o chefe do Executivo municipal, tal determina\u00e7\u00e3o acompanha\u00a0os decretos do Governo do Estado e do Governo Federal, publicados nesta data. O atendimento nas reparti\u00e7\u00f5es p\u00fablicas do munic\u00edpio ocorre normalmente at\u00e9 amanh\u00e3, 20, retomando na segunda-feira, 25. Os servi\u00e7os essenciais como a coleta [&hellip;]<\/p>\n","protected":false},"author":1,"featured_media":62379,"comment_status":"closed","ping_status":"open","sticky":false,"template":"","format":"standard","meta":{"footnotes":""},"categories":[179,184,110],"tags":[],"class_list":["post-62378","post","type-post","status-publish","format-standard","has-post-thumbnail","hentry","category-cidadeseregiao","category-dracena","category-noticiasdestaque"],"_links":{"self":[{"href":"https:\/\/jorgezanoni.com.br\/2019\/wp-json\/wp\/v2\/posts\/62378","targetHints":{"allow":["GET"]}}],"collection":[{"href":"https:\/\/jorgezanoni.com.br\/2019\/wp-json\/wp\/v2\/posts"}],"about":[{"href":"https:\/\/jorgezanoni.com.br\/2019\/wp-json\/wp\/v2\/types\/post"}],"author":[{"embeddable":true,"href":"https:\/\/jorgezanoni.com.br\/2019\/wp-json\/wp\/v2\/users\/1"}],"replies":[{"embeddable":true,"href":"https:\/\/jorgezanoni.com.br\/2019\/wp-json\/wp\/v2\/comments?post=62378"}],"version-history":[{"count":0,"href":"https:\/\/jorgezanoni.com.br\/2019\/wp-json\/wp\/v2\/posts\/62378\/revisions"}],"wp:featuredmedia":[{"embeddable":true,"href":"https:\/\/jorgezanoni.com.br\/2019\/wp-json\/wp\/v2\/media\/62379"}],"wp:attachment":[{"href":"https:\/\/jorgezanoni.com.br\/2019\/wp-json\/wp\/v2\/media?parent=62378"}],"wp:term":[{"taxonomy":"category","embeddable":true,"href":"https:\/\/jorgezanoni.com.br\/2019\/wp-json\/wp\/v2\/categories?post=62378"},{"taxonomy":"post_tag","embeddable":true,"href":"https:\/\/jorgezanoni.com.br\/2019\/wp-json\/wp\/v2\/tags?post=62378"}],"curies":[{"name":"wp","href":"https:\/\/api.w.org\/{rel}","templated":true}]}}