{"id":62365,"date":"2022-04-19T20:41:11","date_gmt":"2022-04-19T20:41:11","guid":{"rendered":"https:\/\/jorgezanoni.com.br\/2019\/?p=62365"},"modified":"2022-04-19T20:41:11","modified_gmt":"2022-04-19T20:41:11","slug":"docente-da-unifadra-conclui-mestrado-profa-ana-elisa-rebeschini-de-marchi","status":"publish","type":"post","link":"https:\/\/jorgezanoni.com.br\/2019\/docente-da-unifadra-conclui-mestrado-profa-ana-elisa-rebeschini-de-marchi\/","title":{"rendered":"Docente da Unifadra conclui Mestrado &#8211; Profa. Ana Elisa Rebeschini de Marchi"},"content":{"rendered":"<p style=\"text-align: justify;\"><span style=\"font-size: large;\">A m\u00e9dica endocrinologista e docente do curso de Medicina da Unifadra Dracena Profa. Ana Elisa Rebeschini de Marchi fez sua apresenta\u00e7\u00e3o de defesa no dia 25 de mar\u00e7o e concluiu o Mestrado em Ci\u00eancias da Sa\u00fade pela Unoeste de Presidente Prudente.<\/span><\/p>\n<p><span style=\"font-size: large;\">Com a disserta\u00e7\u00e3o &#8220;Avalia\u00e7\u00e3o da resist\u00eancia e da qualidade \u00f3ssea em ratos submetidos ao uso de inibidores do\u00a0<\/span>cotransportador<span style=\"font-size: large;\">\u00a0s\u00f3dio-glicose 2&#8243;, a docente foi orientada pelo\u00a0<\/span>Prof. Dr.<span style=\"font-size: large;\">\u00a0Wilson Romero Nakagaki.<\/span><\/p>\n<p><span style=\"font-size: large;\">Na banca de avalia\u00e7\u00e3o, estiveram presentes a\u00a0<\/span>Profa. Dra.<span style=\"font-size: large;\">\u00a0Ana Clara Campagnolo Gon\u00e7alves Toledo (Unoeste) e a Profa.\u00a0<\/span>Dra.<span style=\"font-size: large;\">\u00a0Tatiana Carla Tomiosso (Instituto de Ci\u00eancias Biom\u00e9dicas &#8211; ICBIM, da Universidade Federal de Uberl\u00e2ndia &#8211; UFU).<\/span><\/p>\n<p><span style=\"font-size: large;\">Segundo Ana Elisa, &#8220;inibidores do SGLT2 s\u00e3o medica\u00e7\u00f5es utilizadas a longo prazo em pacientes com diabetes e o impacto deles sobre o metabolismo \u00f3sseo ainda \u00e9 controverso. O trabalho demonstrou que pode ocorrer altera\u00e7\u00f5es de forma indireta no metabolismo \u00f3sseo &#8211; o que dever\u00e1 ser confirmado com mais estudos &#8211; coroando assim uma maior vigil\u00e2ncia por parte dos profissionais de sa\u00fade e monitoramento da sa\u00fade \u00f3ssea dos pacientes&#8221;.<\/span><\/p>\n<p><span style=\"font-size: large;\">O trabalho est\u00e1 em fase de tradu\u00e7\u00e3o para o ingl\u00eas e ser\u00e1 submetido para publica\u00e7\u00e3o.<\/span><\/p>\n<p><span style=\"font-size: large;\">A dire\u00e7\u00e3o executiva da Fundec, a dire\u00e7\u00e3o acad\u00eamica e a coordena\u00e7\u00e3o da Unifadra parabenizam a professora Ana Elisa Rebeschini de Marchi pela conquista e ressaltam a import\u00e2ncia da busca cont\u00ednua do conhecimento para seu crescimento pessoal, bem como para a Institui\u00e7\u00e3o, que passa a contar no seu corpo docente com profissionais titulados, cada vez mais qualificados e sempre atualizados, contribuindo de forma significativa para o enriquecimento e o desenvolvimento do curso.<\/span><\/p>\n<p><img loading=\"lazy\" decoding=\"async\" class=\"alignnone size-full wp-image-62366\" src=\"https:\/\/jorgezanoni.com.br\/2019\/wp-content\/uploads\/2022\/04\/rabe.jpeg\" alt=\"\" width=\"598\" height=\"448\" srcset=\"https:\/\/jorgezanoni.com.br\/2019\/wp-content\/uploads\/2022\/04\/rabe.jpeg 598w, https:\/\/jorgezanoni.com.br\/2019\/wp-content\/uploads\/2022\/04\/rabe-300x225.jpeg 300w, https:\/\/jorgezanoni.com.br\/2019\/wp-content\/uploads\/2022\/04\/rabe-80x60.jpeg 80w, https:\/\/jorgezanoni.com.br\/2019\/wp-content\/uploads\/2022\/04\/rabe-265x198.jpeg 265w, https:\/\/jorgezanoni.com.br\/2019\/wp-content\/uploads\/2022\/04\/rabe-561x420.jpeg 561w\" sizes=\"auto, (max-width: 598px) 100vw, 598px\" \/> <img loading=\"lazy\" decoding=\"async\" class=\"alignnone size-full wp-image-62368\" src=\"https:\/\/jorgezanoni.com.br\/2019\/wp-content\/uploads\/2022\/04\/rabe2.jpeg\" alt=\"\" width=\"561\" height=\"560\" srcset=\"https:\/\/jorgezanoni.com.br\/2019\/wp-content\/uploads\/2022\/04\/rabe2.jpeg 561w, https:\/\/jorgezanoni.com.br\/2019\/wp-content\/uploads\/2022\/04\/rabe2-300x300.jpeg 300w, https:\/\/jorgezanoni.com.br\/2019\/wp-content\/uploads\/2022\/04\/rabe2-150x150.jpeg 150w, https:\/\/jorgezanoni.com.br\/2019\/wp-content\/uploads\/2022\/04\/rabe2-421x420.jpeg 421w\" sizes=\"auto, (max-width: 561px) 100vw, 561px\" \/><\/p>\n<p>Fonte: Depto. de Comunica\u00e7\u00e3o Fundec<\/p>\n","protected":false},"excerpt":{"rendered":"<p>A m\u00e9dica endocrinologista e docente do curso de Medicina da Unifadra Dracena Profa. Ana Elisa Rebeschini de Marchi fez sua apresenta\u00e7\u00e3o de defesa no dia 25 de mar\u00e7o e concluiu o Mestrado em Ci\u00eancias da Sa\u00fade pela Unoeste de Presidente Prudente. Com a disserta\u00e7\u00e3o &#8220;Avalia\u00e7\u00e3o da resist\u00eancia e da qualidade \u00f3ssea em ratos submetidos ao [&hellip;]<\/p>\n","protected":false},"author":1,"featured_media":62367,"comment_status":"closed","ping_status":"open","sticky":false,"template":"","format":"standard","meta":{"footnotes":""},"categories":[110,122],"tags":[],"class_list":["post-62365","post","type-post","status-publish","format-standard","has-post-thumbnail","hentry","category-noticiasdestaque","category-saudeeducacaoeconcurso"],"_links":{"self":[{"href":"https:\/\/jorgezanoni.com.br\/2019\/wp-json\/wp\/v2\/posts\/62365","targetHints":{"allow":["GET"]}}],"collection":[{"href":"https:\/\/jorgezanoni.com.br\/2019\/wp-json\/wp\/v2\/posts"}],"about":[{"href":"https:\/\/jorgezanoni.com.br\/2019\/wp-json\/wp\/v2\/types\/post"}],"author":[{"embeddable":true,"href":"https:\/\/jorgezanoni.com.br\/2019\/wp-json\/wp\/v2\/users\/1"}],"replies":[{"embeddable":true,"href":"https:\/\/jorgezanoni.com.br\/2019\/wp-json\/wp\/v2\/comments?post=62365"}],"version-history":[{"count":0,"href":"https:\/\/jorgezanoni.com.br\/2019\/wp-json\/wp\/v2\/posts\/62365\/revisions"}],"wp:featuredmedia":[{"embeddable":true,"href":"https:\/\/jorgezanoni.com.br\/2019\/wp-json\/wp\/v2\/media\/62367"}],"wp:attachment":[{"href":"https:\/\/jorgezanoni.com.br\/2019\/wp-json\/wp\/v2\/media?parent=62365"}],"wp:term":[{"taxonomy":"category","embeddable":true,"href":"https:\/\/jorgezanoni.com.br\/2019\/wp-json\/wp\/v2\/categories?post=62365"},{"taxonomy":"post_tag","embeddable":true,"href":"https:\/\/jorgezanoni.com.br\/2019\/wp-json\/wp\/v2\/tags?post=62365"}],"curies":[{"name":"wp","href":"https:\/\/api.w.org\/{rel}","templated":true}]}}