{"id":62346,"date":"2022-04-19T00:43:02","date_gmt":"2022-04-19T00:43:02","guid":{"rendered":"https:\/\/jorgezanoni.com.br\/2019\/?p=62346"},"modified":"2022-04-19T00:43:02","modified_gmt":"2022-04-19T00:43:02","slug":"juiz-nega-liminar-impetrada-pelo-sindicato-dos-servidores-com-pedido-de-realizacao-de-nova-eleicao","status":"publish","type":"post","link":"https:\/\/jorgezanoni.com.br\/2019\/juiz-nega-liminar-impetrada-pelo-sindicato-dos-servidores-com-pedido-de-realizacao-de-nova-eleicao\/","title":{"rendered":"Juiz nega liminar impetrada pelo Sindicato dos Servidores com pedido de realiza\u00e7\u00e3o de Nova Elei\u00e7\u00e3o"},"content":{"rendered":"<p style=\"text-align: justify;\">O MM. Juiz do Trabalho substituto Dr. Cleverson Oliveira Alarcom Lima, negou liminar onde o Presidente Edvaldo Caetano, que exercia o cargo no Sindicato dos Servidos Municipais de Dracena, sugeria continuar \u00e0 frente daquela entidade at\u00e9 a realiza\u00e7\u00e3o de nova elei\u00e7\u00e3o.<\/p>\n<p style=\"text-align: justify;\">Veja na \u00edntegra o Despacho:<\/p>\n<p style=\"text-align: justify;\">PODER JUDICI\u00c1RIO<br \/>\nJUSTI\u00c7A DO TRABALHO<br \/>\nTRIBUNAL REGIONAL DO TRABALHO DA 15\u00aa REGI\u00c3O<br \/>\nVARA DO TRABALHO DE DRACENA<br \/>\nPetCiv 0010275-44.2022.5.15.0050<br \/>\nAUTOR: CLAUDIO JOSE PASQUALETO<br \/>\nR\u00c9U: SINDICATO DOS SERVIDORES MUNICIPAIS DE DRACENA<br \/>\nrgsc<br \/>\nDESPACHO<br \/>\nO sindicato reclamado postula que o mandato do atual presidente seja estendido pelo prazo suficiente para serem realizadas novas elei\u00e7\u00f5es.<br \/>\nEm que pese a argumenta\u00e7\u00e3o do reclamado, incab\u00edvel tal provid\u00eancia nos presentes autos.<br \/>\nIsto, porque a mat\u00e9ria ventilada nos presentes autos restringia-se a possibilidade ou n\u00e3o da realiza\u00e7\u00e3o da assembl\u00e9ia extraordin\u00e1ria.<br \/>\nDe outra forma, incab\u00edvel a an\u00e1lise do pedido efetuado pelo reclamado em sede incidental, j\u00e1 que necess\u00e1ria an\u00e1lise profunda da validade da extens\u00e3o do mandato eletivo com amparo no estatuto do sindicato e valora\u00e7\u00e3o de prova quanto \u00e0 validade das elei\u00e7\u00f5es anteriormente realizadas, a possibilidade de posse\/exerc\u00edcio de diretoria com ren\u00fancia de membros anteriormente \u00e0 posse, etc.<br \/>\nDestarte, resta indeferido o pedido formulado pelo reclamado em sede incidental, sem \u00f3bice \u00e0 eventual reaprecia\u00e7\u00e3o oportuna.<br \/>\nAguarde-se a audi\u00eancia j\u00e1 designada.<br \/>\nIntimem-se.<br \/>\nDracena\/SP, segunda-feira, 18 de abril de 2022.<br \/>\nCLEVERSON OLIVEIRA ALARCON LIMA<br \/>\nJuiz do Trabalho Substituto<\/p>\n","protected":false},"excerpt":{"rendered":"<p>O MM. Juiz do Trabalho substituto Dr. Cleverson Oliveira Alarcom Lima, negou liminar onde o Presidente Edvaldo Caetano, que exercia o cargo no Sindicato dos Servidos Municipais de Dracena, sugeria continuar \u00e0 frente daquela entidade at\u00e9 a realiza\u00e7\u00e3o de nova elei\u00e7\u00e3o. Veja na \u00edntegra o Despacho: PODER JUDICI\u00c1RIO JUSTI\u00c7A DO TRABALHO TRIBUNAL REGIONAL DO TRABALHO [&hellip;]<\/p>\n","protected":false},"author":1,"featured_media":62347,"comment_status":"closed","ping_status":"open","sticky":false,"template":"","format":"standard","meta":{"footnotes":""},"categories":[120,110],"tags":[],"class_list":["post-62346","post","type-post","status-publish","format-standard","has-post-thumbnail","hentry","category-justicahabitacaotecnologia","category-noticiasdestaque"],"_links":{"self":[{"href":"https:\/\/jorgezanoni.com.br\/2019\/wp-json\/wp\/v2\/posts\/62346","targetHints":{"allow":["GET"]}}],"collection":[{"href":"https:\/\/jorgezanoni.com.br\/2019\/wp-json\/wp\/v2\/posts"}],"about":[{"href":"https:\/\/jorgezanoni.com.br\/2019\/wp-json\/wp\/v2\/types\/post"}],"author":[{"embeddable":true,"href":"https:\/\/jorgezanoni.com.br\/2019\/wp-json\/wp\/v2\/users\/1"}],"replies":[{"embeddable":true,"href":"https:\/\/jorgezanoni.com.br\/2019\/wp-json\/wp\/v2\/comments?post=62346"}],"version-history":[{"count":0,"href":"https:\/\/jorgezanoni.com.br\/2019\/wp-json\/wp\/v2\/posts\/62346\/revisions"}],"wp:featuredmedia":[{"embeddable":true,"href":"https:\/\/jorgezanoni.com.br\/2019\/wp-json\/wp\/v2\/media\/62347"}],"wp:attachment":[{"href":"https:\/\/jorgezanoni.com.br\/2019\/wp-json\/wp\/v2\/media?parent=62346"}],"wp:term":[{"taxonomy":"category","embeddable":true,"href":"https:\/\/jorgezanoni.com.br\/2019\/wp-json\/wp\/v2\/categories?post=62346"},{"taxonomy":"post_tag","embeddable":true,"href":"https:\/\/jorgezanoni.com.br\/2019\/wp-json\/wp\/v2\/tags?post=62346"}],"curies":[{"name":"wp","href":"https:\/\/api.w.org\/{rel}","templated":true}]}}