{"id":62337,"date":"2022-04-19T00:07:09","date_gmt":"2022-04-19T00:07:09","guid":{"rendered":"https:\/\/jorgezanoni.com.br\/2019\/?p=62337"},"modified":"2022-04-19T00:07:42","modified_gmt":"2022-04-19T00:07:42","slug":"nova-diretoria-assume-sindicato-dos-servidores-de-dracena","status":"publish","type":"post","link":"https:\/\/jorgezanoni.com.br\/2019\/nova-diretoria-assume-sindicato-dos-servidores-de-dracena\/","title":{"rendered":"Nova Diretoria assume Sindicato dos Servidores de Dracena"},"content":{"rendered":"<p style=\"text-align: justify;\">Neste s\u00e1bado, a nova diretoria do Sindicato dos Servidores Municipais de Dracena tomou posse para o mandato de quatro anos. Foi no sal\u00e3o do Clube do Sindicato. O grupo de trabalho \u00e9 presidido pelo jornalista Cl\u00e1udio Jos\u00e9 Pasqualeto, funcion\u00e1rio da EMDAEP e ex-vereador, que est\u00e1 sindicalizado desde 1993.<\/p>\n<p style=\"text-align: justify;\">Al\u00e9m dos novos diretores, compareceram o prefeito Andr\u00e9 Lemos, presidente da C\u00e2mara, Claudinei Millan, vereadores Rodrigo Castilho e Davi Silva, secret\u00e1rios Ademar do Gesso e Marcos Cruz e o ex-prefeito C\u00e9lio Rejani, que representou o professor Jos\u00e9 Gonzaga da Silva Neto, presidente da REGES, empres\u00e1rio Valter Fernandes, ex-vice-prefeito Ladislau Guizardi e diversos convidados.<\/p>\n<p>Al\u00e9m do presidente Cl\u00e1udio Jos\u00e9, falaram a tesoureira Cec\u00edlia Racanelli Miyai, vereador Mel\u00e3o, ex-prefeito C\u00e9lio Rejani e o prefeito Andr\u00e9 Lemos.<\/p>\n<p style=\"text-align: justify;\">Foi esclarecido que a diretoria anterior ainda n\u00e3o passou documentos e a presta\u00e7\u00e3o de contas para os novos dirigentes, o que \u00e9 aguardado para segunda-feira. A diretoria defende a uni\u00e3o de todos os servidores em torno da restrutura\u00e7\u00e3o do Sindicato. Haver\u00e1 abertura de campanha de sindicaliza\u00e7\u00e3o para reorganizar a entidade.<\/p>\n<p><img loading=\"lazy\" decoding=\"async\" class=\"alignnone size-full wp-image-62338\" src=\"https:\/\/jorgezanoni.com.br\/2019\/wp-content\/uploads\/2022\/04\/direto.jpg\" alt=\"\" width=\"1210\" height=\"841\" srcset=\"https:\/\/jorgezanoni.com.br\/2019\/wp-content\/uploads\/2022\/04\/direto.jpg 1210w, https:\/\/jorgezanoni.com.br\/2019\/wp-content\/uploads\/2022\/04\/direto-300x209.jpg 300w, https:\/\/jorgezanoni.com.br\/2019\/wp-content\/uploads\/2022\/04\/direto-1024x712.jpg 1024w, https:\/\/jorgezanoni.com.br\/2019\/wp-content\/uploads\/2022\/04\/direto-768x534.jpg 768w, https:\/\/jorgezanoni.com.br\/2019\/wp-content\/uploads\/2022\/04\/direto-100x70.jpg 100w, https:\/\/jorgezanoni.com.br\/2019\/wp-content\/uploads\/2022\/04\/direto-696x484.jpg 696w, https:\/\/jorgezanoni.com.br\/2019\/wp-content\/uploads\/2022\/04\/direto-1068x742.jpg 1068w, https:\/\/jorgezanoni.com.br\/2019\/wp-content\/uploads\/2022\/04\/direto-604x420.jpg 604w\" sizes=\"auto, (max-width: 1210px) 100vw, 1210px\" \/> <img loading=\"lazy\" decoding=\"async\" class=\"alignnone size-full wp-image-62339\" src=\"https:\/\/jorgezanoni.com.br\/2019\/wp-content\/uploads\/2022\/04\/direto1.jpg\" alt=\"\" width=\"1280\" height=\"601\" srcset=\"https:\/\/jorgezanoni.com.br\/2019\/wp-content\/uploads\/2022\/04\/direto1.jpg 1280w, https:\/\/jorgezanoni.com.br\/2019\/wp-content\/uploads\/2022\/04\/direto1-300x141.jpg 300w, https:\/\/jorgezanoni.com.br\/2019\/wp-content\/uploads\/2022\/04\/direto1-1024x481.jpg 1024w, https:\/\/jorgezanoni.com.br\/2019\/wp-content\/uploads\/2022\/04\/direto1-768x361.jpg 768w, https:\/\/jorgezanoni.com.br\/2019\/wp-content\/uploads\/2022\/04\/direto1-696x327.jpg 696w, https:\/\/jorgezanoni.com.br\/2019\/wp-content\/uploads\/2022\/04\/direto1-1068x501.jpg 1068w, https:\/\/jorgezanoni.com.br\/2019\/wp-content\/uploads\/2022\/04\/direto1-895x420.jpg 895w\" sizes=\"auto, (max-width: 1280px) 100vw, 1280px\" \/> <img loading=\"lazy\" decoding=\"async\" class=\"alignnone size-full wp-image-62340\" src=\"https:\/\/jorgezanoni.com.br\/2019\/wp-content\/uploads\/2022\/04\/direto2.jpg\" alt=\"\" width=\"1211\" height=\"808\" srcset=\"https:\/\/jorgezanoni.com.br\/2019\/wp-content\/uploads\/2022\/04\/direto2.jpg 1211w, https:\/\/jorgezanoni.com.br\/2019\/wp-content\/uploads\/2022\/04\/direto2-300x200.jpg 300w, https:\/\/jorgezanoni.com.br\/2019\/wp-content\/uploads\/2022\/04\/direto2-1024x683.jpg 1024w, https:\/\/jorgezanoni.com.br\/2019\/wp-content\/uploads\/2022\/04\/direto2-768x512.jpg 768w, https:\/\/jorgezanoni.com.br\/2019\/wp-content\/uploads\/2022\/04\/direto2-696x464.jpg 696w, https:\/\/jorgezanoni.com.br\/2019\/wp-content\/uploads\/2022\/04\/direto2-1068x713.jpg 1068w, https:\/\/jorgezanoni.com.br\/2019\/wp-content\/uploads\/2022\/04\/direto2-629x420.jpg 629w\" sizes=\"auto, (max-width: 1211px) 100vw, 1211px\" \/> <img loading=\"lazy\" decoding=\"async\" class=\"alignnone size-full wp-image-62341\" src=\"https:\/\/jorgezanoni.com.br\/2019\/wp-content\/uploads\/2022\/04\/direto3.jpg\" alt=\"\" width=\"744\" height=\"842\" srcset=\"https:\/\/jorgezanoni.com.br\/2019\/wp-content\/uploads\/2022\/04\/direto3.jpg 744w, https:\/\/jorgezanoni.com.br\/2019\/wp-content\/uploads\/2022\/04\/direto3-265x300.jpg 265w, https:\/\/jorgezanoni.com.br\/2019\/wp-content\/uploads\/2022\/04\/direto3-696x788.jpg 696w, https:\/\/jorgezanoni.com.br\/2019\/wp-content\/uploads\/2022\/04\/direto3-371x420.jpg 371w\" sizes=\"auto, (max-width: 744px) 100vw, 744px\" \/> <img loading=\"lazy\" decoding=\"async\" class=\"alignnone size-full wp-image-62342\" src=\"https:\/\/jorgezanoni.com.br\/2019\/wp-content\/uploads\/2022\/04\/direto4.jpg\" alt=\"\" width=\"1280\" height=\"620\" srcset=\"https:\/\/jorgezanoni.com.br\/2019\/wp-content\/uploads\/2022\/04\/direto4.jpg 1280w, https:\/\/jorgezanoni.com.br\/2019\/wp-content\/uploads\/2022\/04\/direto4-300x145.jpg 300w, https:\/\/jorgezanoni.com.br\/2019\/wp-content\/uploads\/2022\/04\/direto4-1024x496.jpg 1024w, https:\/\/jorgezanoni.com.br\/2019\/wp-content\/uploads\/2022\/04\/direto4-768x372.jpg 768w, https:\/\/jorgezanoni.com.br\/2019\/wp-content\/uploads\/2022\/04\/direto4-696x337.jpg 696w, https:\/\/jorgezanoni.com.br\/2019\/wp-content\/uploads\/2022\/04\/direto4-1068x517.jpg 1068w, https:\/\/jorgezanoni.com.br\/2019\/wp-content\/uploads\/2022\/04\/direto4-867x420.jpg 867w\" sizes=\"auto, (max-width: 1280px) 100vw, 1280px\" \/>Imagens de Juliana Sanches Rigazzo<\/p>\n<p style=\"text-align: justify;\">Ass. Imprensa<\/p>\n","protected":false},"excerpt":{"rendered":"<p>Neste s\u00e1bado, a nova diretoria do Sindicato dos Servidores Municipais de Dracena tomou posse para o mandato de quatro anos. Foi no sal\u00e3o do Clube do Sindicato. O grupo de trabalho \u00e9 presidido pelo jornalista Cl\u00e1udio Jos\u00e9 Pasqualeto, funcion\u00e1rio da EMDAEP e ex-vereador, que est\u00e1 sindicalizado desde 1993. Al\u00e9m dos novos diretores, compareceram o prefeito [&hellip;]<\/p>\n","protected":false},"author":1,"featured_media":62343,"comment_status":"closed","ping_status":"open","sticky":false,"template":"","format":"standard","meta":{"footnotes":""},"categories":[179,184,110],"tags":[],"class_list":["post-62337","post","type-post","status-publish","format-standard","has-post-thumbnail","hentry","category-cidadeseregiao","category-dracena","category-noticiasdestaque"],"_links":{"self":[{"href":"https:\/\/jorgezanoni.com.br\/2019\/wp-json\/wp\/v2\/posts\/62337","targetHints":{"allow":["GET"]}}],"collection":[{"href":"https:\/\/jorgezanoni.com.br\/2019\/wp-json\/wp\/v2\/posts"}],"about":[{"href":"https:\/\/jorgezanoni.com.br\/2019\/wp-json\/wp\/v2\/types\/post"}],"author":[{"embeddable":true,"href":"https:\/\/jorgezanoni.com.br\/2019\/wp-json\/wp\/v2\/users\/1"}],"replies":[{"embeddable":true,"href":"https:\/\/jorgezanoni.com.br\/2019\/wp-json\/wp\/v2\/comments?post=62337"}],"version-history":[{"count":0,"href":"https:\/\/jorgezanoni.com.br\/2019\/wp-json\/wp\/v2\/posts\/62337\/revisions"}],"wp:featuredmedia":[{"embeddable":true,"href":"https:\/\/jorgezanoni.com.br\/2019\/wp-json\/wp\/v2\/media\/62343"}],"wp:attachment":[{"href":"https:\/\/jorgezanoni.com.br\/2019\/wp-json\/wp\/v2\/media?parent=62337"}],"wp:term":[{"taxonomy":"category","embeddable":true,"href":"https:\/\/jorgezanoni.com.br\/2019\/wp-json\/wp\/v2\/categories?post=62337"},{"taxonomy":"post_tag","embeddable":true,"href":"https:\/\/jorgezanoni.com.br\/2019\/wp-json\/wp\/v2\/tags?post=62337"}],"curies":[{"name":"wp","href":"https:\/\/api.w.org\/{rel}","templated":true}]}}