{"id":62330,"date":"2022-04-18T21:44:55","date_gmt":"2022-04-18T21:44:55","guid":{"rendered":"https:\/\/jorgezanoni.com.br\/2019\/?p=62330"},"modified":"2022-04-18T22:07:57","modified_gmt":"2022-04-18T22:07:57","slug":"hoje-foi-o-ultimo-dia-da-sucursal-da-tv-fronteira-em-dracena","status":"publish","type":"post","link":"https:\/\/jorgezanoni.com.br\/2019\/hoje-foi-o-ultimo-dia-da-sucursal-da-tv-fronteira-em-dracena\/","title":{"rendered":"Hoje foi o \u00faltimo dia da Sucursal da TV Fronteira em Dracena"},"content":{"rendered":"<p style=\"text-align: justify;\"><strong>A TV Fronteira que h\u00e1 muitos anos est\u00e1 com sua Sucursal em Dracena, passa a ser atendida a partir de hoje diretamente por Presidente Prudente.<\/strong><\/p>\n<p style=\"text-align: justify;\">O Site JZ entrou em contato com a dire\u00e7\u00e3o da emissora em Presidente Prudente, pedindo que fosse enviada uma nota de esclarecimento para os telespectadores, por\u00e9m segundo a pessoa que nos atendeu, disse que nesse momento a ger\u00eancia da emissora n\u00e3o iria se manifestar.<\/p>\n<p style=\"text-align: justify;\">Os funcion\u00e1rios de Dracena, rep\u00f3rter, cinegrafista e produtor, fizeram suas despedidas em alguns Grupos de Redes Sociais. O real motivo do fechamento n\u00e3o foi informado.<\/p>\n<p style=\"text-align: justify;\">Informa\u00e7\u00f5es extra-oficiais d\u00e3o conta que o atendimento de reportagens quando se fizer necess\u00e1rio, ser\u00e1 atrav\u00e9s de rep\u00f3rteres e cinegrafistas de Presidente Prudente que se deslocar\u00e3o para a regi\u00e3o.<\/p>\n<p>O Escrit\u00f3rio em Dracena est\u00e1 localizado ao lado da Fundec na Rua Bahia. Perde Dracena, perde nossa microregiao.<\/p>\n<p style=\"text-align: justify;\">Jorge Zanoni<\/p>\n<p>Foto Arquivo<\/p>\n","protected":false},"excerpt":{"rendered":"<p>A TV Fronteira que h\u00e1 muitos anos est\u00e1 com sua Sucursal em Dracena, passa a ser atendida a partir de hoje diretamente por Presidente Prudente. O Site JZ entrou em contato com a dire\u00e7\u00e3o da emissora em Presidente Prudente, pedindo que fosse enviada uma nota de esclarecimento para os telespectadores, por\u00e9m segundo a pessoa que [&hellip;]<\/p>\n","protected":false},"author":1,"featured_media":62331,"comment_status":"closed","ping_status":"open","sticky":false,"template":"","format":"standard","meta":{"footnotes":""},"categories":[179,184,110],"tags":[],"class_list":["post-62330","post","type-post","status-publish","format-standard","has-post-thumbnail","hentry","category-cidadeseregiao","category-dracena","category-noticiasdestaque"],"_links":{"self":[{"href":"https:\/\/jorgezanoni.com.br\/2019\/wp-json\/wp\/v2\/posts\/62330","targetHints":{"allow":["GET"]}}],"collection":[{"href":"https:\/\/jorgezanoni.com.br\/2019\/wp-json\/wp\/v2\/posts"}],"about":[{"href":"https:\/\/jorgezanoni.com.br\/2019\/wp-json\/wp\/v2\/types\/post"}],"author":[{"embeddable":true,"href":"https:\/\/jorgezanoni.com.br\/2019\/wp-json\/wp\/v2\/users\/1"}],"replies":[{"embeddable":true,"href":"https:\/\/jorgezanoni.com.br\/2019\/wp-json\/wp\/v2\/comments?post=62330"}],"version-history":[{"count":0,"href":"https:\/\/jorgezanoni.com.br\/2019\/wp-json\/wp\/v2\/posts\/62330\/revisions"}],"wp:featuredmedia":[{"embeddable":true,"href":"https:\/\/jorgezanoni.com.br\/2019\/wp-json\/wp\/v2\/media\/62331"}],"wp:attachment":[{"href":"https:\/\/jorgezanoni.com.br\/2019\/wp-json\/wp\/v2\/media?parent=62330"}],"wp:term":[{"taxonomy":"category","embeddable":true,"href":"https:\/\/jorgezanoni.com.br\/2019\/wp-json\/wp\/v2\/categories?post=62330"},{"taxonomy":"post_tag","embeddable":true,"href":"https:\/\/jorgezanoni.com.br\/2019\/wp-json\/wp\/v2\/tags?post=62330"}],"curies":[{"name":"wp","href":"https:\/\/api.w.org\/{rel}","templated":true}]}}