{"id":62291,"date":"2022-04-17T22:56:07","date_gmt":"2022-04-17T22:56:07","guid":{"rendered":"https:\/\/jorgezanoni.com.br\/2019\/?p=62291"},"modified":"2022-04-17T22:56:07","modified_gmt":"2022-04-17T22:56:07","slug":"acidente-faz-uma-vitima-fatal-e-deixa-feridos-na-sp-294-divisa-entre-adamantina-e-florida-paulista","status":"publish","type":"post","link":"https:\/\/jorgezanoni.com.br\/2019\/acidente-faz-uma-vitima-fatal-e-deixa-feridos-na-sp-294-divisa-entre-adamantina-e-florida-paulista\/","title":{"rendered":"Acidente faz uma v\u00edtima fatal e deixa feridos na SP-294, divisa entre Adamantina e Fl\u00f3rida Paulista"},"content":{"rendered":"<h2 class=\"subtitulo\" style=\"text-align: justify;\"><strong>Uma v\u00edtima morreu no local. Outro\u00a0envolvidos, feridos, foram socorridos pelas equipes de resgate.<\/strong><\/h2>\n<p style=\"font-weight: 400; text-align: justify;\">Um grave acidente no final da tarde deste domingo (17) mobilizou equipes policiais, de resgate e apoio na Rodovia Comandante Jo\u00e3o Ribeiro de Barros (SP-294). O acidente foi no local onde h\u00e1 placas de limite dos munic\u00edpios de Adamantina e Fl\u00f3rida Paulista. Uma v\u00edtima ficou presa \u00e0s ferragens e morreu no local. Outras envolvidos, feridos, foram socorridos e encaminhados ao pronto-socorro da Santa Casa de Adamantina.<\/p>\n<p><img loading=\"lazy\" decoding=\"async\" class=\"alignnone size-full wp-image-62292\" src=\"https:\/\/jorgezanoni.com.br\/2019\/wp-content\/uploads\/2022\/04\/acid-1.jpg\" alt=\"\" width=\"600\" height=\"337\" srcset=\"https:\/\/jorgezanoni.com.br\/2019\/wp-content\/uploads\/2022\/04\/acid-1.jpg 600w, https:\/\/jorgezanoni.com.br\/2019\/wp-content\/uploads\/2022\/04\/acid-1-300x169.jpg 300w\" sizes=\"auto, (max-width: 600px) 100vw, 600px\" \/><em>Acidente no final da tarde deste domingo de P\u00e1scoa (Foto: Siga Mais).<\/em><\/p>\n<p style=\"font-weight: 400; text-align: justify;\">O acidente envolveu tr\u00eas ve\u00edculos, sendo um autom\u00f3vel GM Vectra com placas de Osvaldo Cruz, um GM Classic com placas de Fl\u00f3rida Paulista e uma moto. As circunst\u00e2ncias do acidentes ser\u00e3o investigadas. O SIGA MAIS esteve no local.<\/p>\n<p style=\"font-weight: 400; text-align: justify;\">No Vectra estavam uma mulher (v\u00edtima fatal) e um homem, socorrido em estado grave. No Classic estavam dois homens, tamb\u00e9m socorridos pelas equipes de resgate, juntamente com o ocupante da moto.<\/p>\n<p style=\"font-weight: 400; text-align: justify;\">O atendimento \u00e0 ocorr\u00eancia mobilizou equipes das Pol\u00edcia Militar Rodovi\u00e1ria, do policiamento territorial da PM, do Corpo de Bombeiros de Adamantina e da concession\u00e1ria que administra a rodovia. Peritos da Pol\u00edcia Cient\u00edfica tamb\u00e9m foram mobiliados para o registro do local do acidente e a posi\u00e7\u00e3o final dos ve\u00edculos. H\u00e1 marcas de pneus na pista, o que pode indicar a trajet\u00f3ria dos ve\u00edculos.<\/p>\n<p><img loading=\"lazy\" decoding=\"async\" class=\"alignnone size-full wp-image-62294\" src=\"https:\/\/jorgezanoni.com.br\/2019\/wp-content\/uploads\/2022\/04\/acid2.jpg\" alt=\"\" width=\"1280\" height=\"720\" srcset=\"https:\/\/jorgezanoni.com.br\/2019\/wp-content\/uploads\/2022\/04\/acid2.jpg 1280w, https:\/\/jorgezanoni.com.br\/2019\/wp-content\/uploads\/2022\/04\/acid2-300x169.jpg 300w, https:\/\/jorgezanoni.com.br\/2019\/wp-content\/uploads\/2022\/04\/acid2-1024x576.jpg 1024w, https:\/\/jorgezanoni.com.br\/2019\/wp-content\/uploads\/2022\/04\/acid2-768x432.jpg 768w, https:\/\/jorgezanoni.com.br\/2019\/wp-content\/uploads\/2022\/04\/acid2-696x392.jpg 696w, https:\/\/jorgezanoni.com.br\/2019\/wp-content\/uploads\/2022\/04\/acid2-1068x601.jpg 1068w, https:\/\/jorgezanoni.com.br\/2019\/wp-content\/uploads\/2022\/04\/acid2-747x420.jpg 747w\" sizes=\"auto, (max-width: 1280px) 100vw, 1280px\" \/><em>Acidente no final da tarde deste domingo de P\u00e1scoa (Foto: Siga Mais).<\/em><\/p>\n<p><img loading=\"lazy\" decoding=\"async\" class=\"alignnone size-full wp-image-62295\" src=\"https:\/\/jorgezanoni.com.br\/2019\/wp-content\/uploads\/2022\/04\/acid3-1.jpg\" alt=\"\" width=\"1280\" height=\"720\" srcset=\"https:\/\/jorgezanoni.com.br\/2019\/wp-content\/uploads\/2022\/04\/acid3-1.jpg 1280w, https:\/\/jorgezanoni.com.br\/2019\/wp-content\/uploads\/2022\/04\/acid3-1-300x169.jpg 300w, https:\/\/jorgezanoni.com.br\/2019\/wp-content\/uploads\/2022\/04\/acid3-1-1024x576.jpg 1024w, https:\/\/jorgezanoni.com.br\/2019\/wp-content\/uploads\/2022\/04\/acid3-1-768x432.jpg 768w, https:\/\/jorgezanoni.com.br\/2019\/wp-content\/uploads\/2022\/04\/acid3-1-696x392.jpg 696w, https:\/\/jorgezanoni.com.br\/2019\/wp-content\/uploads\/2022\/04\/acid3-1-1068x601.jpg 1068w, https:\/\/jorgezanoni.com.br\/2019\/wp-content\/uploads\/2022\/04\/acid3-1-747x420.jpg 747w\" sizes=\"auto, (max-width: 1280px) 100vw, 1280px\" \/><em>Acidente no final da tarde deste domingo de P\u00e1scoa (Foto: Siga Mais).<\/em><\/p>\n<p><img loading=\"lazy\" decoding=\"async\" class=\"alignnone size-full wp-image-62296\" src=\"https:\/\/jorgezanoni.com.br\/2019\/wp-content\/uploads\/2022\/04\/acid4-1.jpg\" alt=\"\" width=\"1280\" height=\"720\" srcset=\"https:\/\/jorgezanoni.com.br\/2019\/wp-content\/uploads\/2022\/04\/acid4-1.jpg 1280w, https:\/\/jorgezanoni.com.br\/2019\/wp-content\/uploads\/2022\/04\/acid4-1-300x169.jpg 300w, https:\/\/jorgezanoni.com.br\/2019\/wp-content\/uploads\/2022\/04\/acid4-1-1024x576.jpg 1024w, https:\/\/jorgezanoni.com.br\/2019\/wp-content\/uploads\/2022\/04\/acid4-1-768x432.jpg 768w, https:\/\/jorgezanoni.com.br\/2019\/wp-content\/uploads\/2022\/04\/acid4-1-696x392.jpg 696w, https:\/\/jorgezanoni.com.br\/2019\/wp-content\/uploads\/2022\/04\/acid4-1-1068x601.jpg 1068w, https:\/\/jorgezanoni.com.br\/2019\/wp-content\/uploads\/2022\/04\/acid4-1-747x420.jpg 747w\" sizes=\"auto, (max-width: 1280px) 100vw, 1280px\" \/><em>Acidente no final da tarde deste domingo de P\u00e1scoa (Foto: Siga Mais).<\/em><\/p>\n<p style=\"font-weight: 400; text-align: justify;\">O tr\u00e2nsito n\u00e3o precisou ser interrompido no local, que foi sinalizado pelas equipes da concession\u00e1ria. A circula\u00e7\u00e3o de ve\u00edculos fluiu com velocidade reduzida.<\/p>\n<p style=\"font-weight: 400; text-align: justify;\">Pouco antes das 18h30 foi conclu\u00eddo o trabalho de remo\u00e7\u00e3o da v\u00edtima presa \u00e0s ferragens, pela equipe do Corpo de Bombeiros. Foram usados equipamentos pr\u00f3prios para a opera\u00e7\u00e3o. Depois de removido pelo servi\u00e7o funer\u00e1rio, o corpo da v\u00edtima deve ser submetida a exames necrosc\u00f3picos pelos peritos do Instituto M\u00e9dico Legal (IML), para posterior libera\u00e7\u00e3o aos familiares.<\/p>\n<p><img loading=\"lazy\" decoding=\"async\" class=\"alignnone size-full wp-image-62297\" src=\"https:\/\/jorgezanoni.com.br\/2019\/wp-content\/uploads\/2022\/04\/acid5.jpg\" alt=\"\" width=\"1280\" height=\"720\" srcset=\"https:\/\/jorgezanoni.com.br\/2019\/wp-content\/uploads\/2022\/04\/acid5.jpg 1280w, https:\/\/jorgezanoni.com.br\/2019\/wp-content\/uploads\/2022\/04\/acid5-300x169.jpg 300w, https:\/\/jorgezanoni.com.br\/2019\/wp-content\/uploads\/2022\/04\/acid5-1024x576.jpg 1024w, https:\/\/jorgezanoni.com.br\/2019\/wp-content\/uploads\/2022\/04\/acid5-768x432.jpg 768w, https:\/\/jorgezanoni.com.br\/2019\/wp-content\/uploads\/2022\/04\/acid5-696x392.jpg 696w, https:\/\/jorgezanoni.com.br\/2019\/wp-content\/uploads\/2022\/04\/acid5-1068x601.jpg 1068w, https:\/\/jorgezanoni.com.br\/2019\/wp-content\/uploads\/2022\/04\/acid5-747x420.jpg 747w\" sizes=\"auto, (max-width: 1280px) 100vw, 1280px\" \/><em>Acidente no final da tarde deste domingo de P\u00e1scoa (Foto: Siga Mais).<\/em><\/p>\n<p><img loading=\"lazy\" decoding=\"async\" class=\"alignnone size-full wp-image-62298\" src=\"https:\/\/jorgezanoni.com.br\/2019\/wp-content\/uploads\/2022\/04\/acid6.jpg\" alt=\"\" width=\"1280\" height=\"720\" srcset=\"https:\/\/jorgezanoni.com.br\/2019\/wp-content\/uploads\/2022\/04\/acid6.jpg 1280w, https:\/\/jorgezanoni.com.br\/2019\/wp-content\/uploads\/2022\/04\/acid6-300x169.jpg 300w, https:\/\/jorgezanoni.com.br\/2019\/wp-content\/uploads\/2022\/04\/acid6-1024x576.jpg 1024w, https:\/\/jorgezanoni.com.br\/2019\/wp-content\/uploads\/2022\/04\/acid6-768x432.jpg 768w, https:\/\/jorgezanoni.com.br\/2019\/wp-content\/uploads\/2022\/04\/acid6-696x392.jpg 696w, https:\/\/jorgezanoni.com.br\/2019\/wp-content\/uploads\/2022\/04\/acid6-1068x601.jpg 1068w, https:\/\/jorgezanoni.com.br\/2019\/wp-content\/uploads\/2022\/04\/acid6-747x420.jpg 747w\" sizes=\"auto, (max-width: 1280px) 100vw, 1280px\" \/><em>Acidente no final da tarde deste domingo de P\u00e1scoa (Foto: Siga Mais).<\/em><em>Acidente no final da tarde deste domingo de P\u00e1scoa (Foto: Siga Mais).<\/em><\/p>\n<p><img loading=\"lazy\" decoding=\"async\" class=\"alignnone size-full wp-image-62299\" src=\"https:\/\/jorgezanoni.com.br\/2019\/wp-content\/uploads\/2022\/04\/acid7.jpg\" alt=\"\" width=\"1280\" height=\"720\" srcset=\"https:\/\/jorgezanoni.com.br\/2019\/wp-content\/uploads\/2022\/04\/acid7.jpg 1280w, https:\/\/jorgezanoni.com.br\/2019\/wp-content\/uploads\/2022\/04\/acid7-300x169.jpg 300w, https:\/\/jorgezanoni.com.br\/2019\/wp-content\/uploads\/2022\/04\/acid7-1024x576.jpg 1024w, https:\/\/jorgezanoni.com.br\/2019\/wp-content\/uploads\/2022\/04\/acid7-768x432.jpg 768w, https:\/\/jorgezanoni.com.br\/2019\/wp-content\/uploads\/2022\/04\/acid7-696x392.jpg 696w, https:\/\/jorgezanoni.com.br\/2019\/wp-content\/uploads\/2022\/04\/acid7-1068x601.jpg 1068w, https:\/\/jorgezanoni.com.br\/2019\/wp-content\/uploads\/2022\/04\/acid7-747x420.jpg 747w\" sizes=\"auto, (max-width: 1280px) 100vw, 1280px\" \/>As causas e eventuais responsabilidades do acidente devem ser investigadas pela Pol\u00edcia Civil.<\/p>\n<p style=\"text-align: justify;\">Fonte: sigamais.com<\/p>\n<p>&nbsp;<\/p>\n","protected":false},"excerpt":{"rendered":"<p>Uma v\u00edtima morreu no local. Outro\u00a0envolvidos, feridos, foram socorridos pelas equipes de resgate. Um grave acidente no final da tarde deste domingo (17) mobilizou equipes policiais, de resgate e apoio na Rodovia Comandante Jo\u00e3o Ribeiro de Barros (SP-294). O acidente foi no local onde h\u00e1 placas de limite dos munic\u00edpios de Adamantina e Fl\u00f3rida Paulista. [&hellip;]<\/p>\n","protected":false},"author":1,"featured_media":62293,"comment_status":"closed","ping_status":"open","sticky":false,"template":"","format":"standard","meta":{"footnotes":""},"categories":[170,110],"tags":[],"class_list":["post-62291","post","type-post","status-publish","format-standard","has-post-thumbnail","hentry","category-acidentes","category-noticiasdestaque"],"_links":{"self":[{"href":"https:\/\/jorgezanoni.com.br\/2019\/wp-json\/wp\/v2\/posts\/62291","targetHints":{"allow":["GET"]}}],"collection":[{"href":"https:\/\/jorgezanoni.com.br\/2019\/wp-json\/wp\/v2\/posts"}],"about":[{"href":"https:\/\/jorgezanoni.com.br\/2019\/wp-json\/wp\/v2\/types\/post"}],"author":[{"embeddable":true,"href":"https:\/\/jorgezanoni.com.br\/2019\/wp-json\/wp\/v2\/users\/1"}],"replies":[{"embeddable":true,"href":"https:\/\/jorgezanoni.com.br\/2019\/wp-json\/wp\/v2\/comments?post=62291"}],"version-history":[{"count":0,"href":"https:\/\/jorgezanoni.com.br\/2019\/wp-json\/wp\/v2\/posts\/62291\/revisions"}],"wp:featuredmedia":[{"embeddable":true,"href":"https:\/\/jorgezanoni.com.br\/2019\/wp-json\/wp\/v2\/media\/62293"}],"wp:attachment":[{"href":"https:\/\/jorgezanoni.com.br\/2019\/wp-json\/wp\/v2\/media?parent=62291"}],"wp:term":[{"taxonomy":"category","embeddable":true,"href":"https:\/\/jorgezanoni.com.br\/2019\/wp-json\/wp\/v2\/categories?post=62291"},{"taxonomy":"post_tag","embeddable":true,"href":"https:\/\/jorgezanoni.com.br\/2019\/wp-json\/wp\/v2\/tags?post=62291"}],"curies":[{"name":"wp","href":"https:\/\/api.w.org\/{rel}","templated":true}]}}