{"id":62254,"date":"2022-04-15T22:35:00","date_gmt":"2022-04-15T22:35:00","guid":{"rendered":"https:\/\/jorgezanoni.com.br\/2019\/?p=62254"},"modified":"2022-04-15T22:35:00","modified_gmt":"2022-04-15T22:35:00","slug":"nova-diretoria-do-sindicato-dos-servidores-toma-posse-no-sabado","status":"publish","type":"post","link":"https:\/\/jorgezanoni.com.br\/2019\/nova-diretoria-do-sindicato-dos-servidores-toma-posse-no-sabado\/","title":{"rendered":"Nova diretoria do Sindicato dos Servidores toma posse no s\u00e1bado"},"content":{"rendered":"<p style=\"text-align: justify;\"><strong>Cl\u00e1udio Jos\u00e9 Pasqualeto, Assessor de Rela\u00e7\u00f5es P\u00fablicas da EMDAEP e sindicalizado desde 1993, assumir\u00e1 a presid\u00eancia do Sindicato.<\/strong><\/p>\n<p style=\"text-align: justify;\">A Chapa F\u00eanix, eleita para administrar o Sindicato dos Servidores Municipais, anuncia para s\u00e1bado (dia 16), a posse dos novos diretores para o mandato 2022\/2026. A cerim\u00f4nia ser\u00e1 \u00e0s 9 horas no Clube do Sindicato.<\/p>\n<p style=\"text-align: justify;\">A diretoria em final de mandato entrou com pedido de liminar na Justi\u00e7a do Trabalho para prorroga\u00e7\u00e3o do mandato por 60 dias e convoca\u00e7\u00e3o de nova elei\u00e7\u00e3o. A Justi\u00e7a preferiu designar uma audi\u00eancia para dia 17 de maio, \u00e0s 9 horas, n\u00e3o se manifestando sobre a liminar. O mandato dos atuais dirigentes termina nesta sexta-feira.<\/p>\n<p style=\"text-align: justify;\">A nova diretoria se coloca \u00e0 disposi\u00e7\u00e3o de todos os servidores municipais e da comunidade dracenense durante o futuro mandato.<\/p>\n<p style=\"text-align: justify;\">Ass. Imprensa<\/p>\n","protected":false},"excerpt":{"rendered":"<p>Cl\u00e1udio Jos\u00e9 Pasqualeto, Assessor de Rela\u00e7\u00f5es P\u00fablicas da EMDAEP e sindicalizado desde 1993, assumir\u00e1 a presid\u00eancia do Sindicato. A Chapa F\u00eanix, eleita para administrar o Sindicato dos Servidores Municipais, anuncia para s\u00e1bado (dia 16), a posse dos novos diretores para o mandato 2022\/2026. A cerim\u00f4nia ser\u00e1 \u00e0s 9 horas no Clube do Sindicato. A diretoria [&hellip;]<\/p>\n","protected":false},"author":1,"featured_media":62255,"comment_status":"closed","ping_status":"open","sticky":false,"template":"","format":"standard","meta":{"footnotes":""},"categories":[179,184,110],"tags":[],"class_list":["post-62254","post","type-post","status-publish","format-standard","has-post-thumbnail","hentry","category-cidadeseregiao","category-dracena","category-noticiasdestaque"],"_links":{"self":[{"href":"https:\/\/jorgezanoni.com.br\/2019\/wp-json\/wp\/v2\/posts\/62254","targetHints":{"allow":["GET"]}}],"collection":[{"href":"https:\/\/jorgezanoni.com.br\/2019\/wp-json\/wp\/v2\/posts"}],"about":[{"href":"https:\/\/jorgezanoni.com.br\/2019\/wp-json\/wp\/v2\/types\/post"}],"author":[{"embeddable":true,"href":"https:\/\/jorgezanoni.com.br\/2019\/wp-json\/wp\/v2\/users\/1"}],"replies":[{"embeddable":true,"href":"https:\/\/jorgezanoni.com.br\/2019\/wp-json\/wp\/v2\/comments?post=62254"}],"version-history":[{"count":0,"href":"https:\/\/jorgezanoni.com.br\/2019\/wp-json\/wp\/v2\/posts\/62254\/revisions"}],"wp:featuredmedia":[{"embeddable":true,"href":"https:\/\/jorgezanoni.com.br\/2019\/wp-json\/wp\/v2\/media\/62255"}],"wp:attachment":[{"href":"https:\/\/jorgezanoni.com.br\/2019\/wp-json\/wp\/v2\/media?parent=62254"}],"wp:term":[{"taxonomy":"category","embeddable":true,"href":"https:\/\/jorgezanoni.com.br\/2019\/wp-json\/wp\/v2\/categories?post=62254"},{"taxonomy":"post_tag","embeddable":true,"href":"https:\/\/jorgezanoni.com.br\/2019\/wp-json\/wp\/v2\/tags?post=62254"}],"curies":[{"name":"wp","href":"https:\/\/api.w.org\/{rel}","templated":true}]}}