{"id":62247,"date":"2022-04-15T21:37:50","date_gmt":"2022-04-15T21:37:50","guid":{"rendered":"https:\/\/jorgezanoni.com.br\/2019\/?p=62247"},"modified":"2022-04-15T21:37:50","modified_gmt":"2022-04-15T21:37:50","slug":"moradora-de-dracena-viaja-a-passeio-passa-mal-e-morre-em-sao-paulo","status":"publish","type":"post","link":"https:\/\/jorgezanoni.com.br\/2019\/moradora-de-dracena-viaja-a-passeio-passa-mal-e-morre-em-sao-paulo\/","title":{"rendered":"Moradora de Dracena viaja a passeio, passa mal e morre em S\u00e3o Paulo"},"content":{"rendered":"<p style=\"text-align: justify;\">Comunicamos com pesar o falecimento da senhora Genoveva Belan de 85 anos. Segundo informa\u00e7\u00f5es de familiares, ela teria viajado de Dracena para Tabo\u00e3o da Serra para passar a P\u00e1scoa com familiares, se sentiu mal durante a viagem, foi medicada e liberada. Hoje pela manh\u00e3 passou mal novamente e n\u00e3o resistiu vindo a \u00f3bito.<\/p>\n<p style=\"text-align: justify;\">Deixa a filha Marlene, netos, demais familiares e amigos. \u00c9 sogra do comunicador Valmir Jorge.<\/p>\n<p><img loading=\"lazy\" decoding=\"async\" class=\"alignnone size-full wp-image-62249\" src=\"https:\/\/jorgezanoni.com.br\/2019\/wp-content\/uploads\/2022\/04\/valmir1.jpg\" alt=\"\" width=\"720\" height=\"720\" srcset=\"https:\/\/jorgezanoni.com.br\/2019\/wp-content\/uploads\/2022\/04\/valmir1.jpg 720w, https:\/\/jorgezanoni.com.br\/2019\/wp-content\/uploads\/2022\/04\/valmir1-300x300.jpg 300w, https:\/\/jorgezanoni.com.br\/2019\/wp-content\/uploads\/2022\/04\/valmir1-150x150.jpg 150w, https:\/\/jorgezanoni.com.br\/2019\/wp-content\/uploads\/2022\/04\/valmir1-696x696.jpg 696w, https:\/\/jorgezanoni.com.br\/2019\/wp-content\/uploads\/2022\/04\/valmir1-420x420.jpg 420w\" sizes=\"auto, (max-width: 720px) 100vw, 720px\" \/><\/p>\n<p style=\"text-align: justify;\">Seu corpo est\u00e1 sendo transladado para Dracena ontem ocorrer\u00e1 o Sepultamento neste s\u00e1bado (16).<\/p>\n<p style=\"text-align: justify;\">O Site JZ se solidariza com a fam\u00edlia e amigos neste dif\u00edcil momento.<\/p>\n<p>Jorge Zanoni<\/p>\n<p>&nbsp;<\/p>\n<p>&nbsp;<\/p>\n","protected":false},"excerpt":{"rendered":"<p>Comunicamos com pesar o falecimento da senhora Genoveva Belan de 85 anos. Segundo informa\u00e7\u00f5es de familiares, ela teria viajado de Dracena para Tabo\u00e3o da Serra para passar a P\u00e1scoa com familiares, se sentiu mal durante a viagem, foi medicada e liberada. Hoje pela manh\u00e3 passou mal novamente e n\u00e3o resistiu vindo a \u00f3bito. Deixa a [&hellip;]<\/p>\n","protected":false},"author":1,"featured_media":62248,"comment_status":"closed","ping_status":"open","sticky":false,"template":"","format":"standard","meta":{"footnotes":""},"categories":[178,110],"tags":[],"class_list":["post-62247","post","type-post","status-publish","format-standard","has-post-thumbnail","hentry","category-notadefalecimento","category-noticiasdestaque"],"_links":{"self":[{"href":"https:\/\/jorgezanoni.com.br\/2019\/wp-json\/wp\/v2\/posts\/62247","targetHints":{"allow":["GET"]}}],"collection":[{"href":"https:\/\/jorgezanoni.com.br\/2019\/wp-json\/wp\/v2\/posts"}],"about":[{"href":"https:\/\/jorgezanoni.com.br\/2019\/wp-json\/wp\/v2\/types\/post"}],"author":[{"embeddable":true,"href":"https:\/\/jorgezanoni.com.br\/2019\/wp-json\/wp\/v2\/users\/1"}],"replies":[{"embeddable":true,"href":"https:\/\/jorgezanoni.com.br\/2019\/wp-json\/wp\/v2\/comments?post=62247"}],"version-history":[{"count":0,"href":"https:\/\/jorgezanoni.com.br\/2019\/wp-json\/wp\/v2\/posts\/62247\/revisions"}],"wp:featuredmedia":[{"embeddable":true,"href":"https:\/\/jorgezanoni.com.br\/2019\/wp-json\/wp\/v2\/media\/62248"}],"wp:attachment":[{"href":"https:\/\/jorgezanoni.com.br\/2019\/wp-json\/wp\/v2\/media?parent=62247"}],"wp:term":[{"taxonomy":"category","embeddable":true,"href":"https:\/\/jorgezanoni.com.br\/2019\/wp-json\/wp\/v2\/categories?post=62247"},{"taxonomy":"post_tag","embeddable":true,"href":"https:\/\/jorgezanoni.com.br\/2019\/wp-json\/wp\/v2\/tags?post=62247"}],"curies":[{"name":"wp","href":"https:\/\/api.w.org\/{rel}","templated":true}]}}