{"id":62226,"date":"2022-04-15T18:12:08","date_gmt":"2022-04-15T18:12:08","guid":{"rendered":"https:\/\/jorgezanoni.com.br\/2019\/?p=62226"},"modified":"2022-04-15T18:33:33","modified_gmt":"2022-04-15T18:33:33","slug":"escola-izaura-sampaio-realiza-1a-acao-de-conscientizacao-do-autismo","status":"publish","type":"post","link":"https:\/\/jorgezanoni.com.br\/2019\/escola-izaura-sampaio-realiza-1a-acao-de-conscientizacao-do-autismo\/","title":{"rendered":"Escola Izaura Sampaio realiza 1\u00aa A\u00e7\u00e3o de Conscientiza\u00e7\u00e3o do Autismo"},"content":{"rendered":"<p style=\"text-align: justify;\"><strong>Na segunda-feira (11) a Escola T\u00e9cnica Municipal Izaura Sampaio de Dracena realizou a 1\u00aa A\u00c7\u00c3O DE CONSCIENTIZA\u00c7\u00c3O DO AUTISMO<\/strong><\/p>\n<p style=\"text-align: justify;\">1\u00aa A\u00c7\u00c3O DE CONSCIENTIZA\u00c7\u00c3O SOBRE O AUTISMO&#8230;<\/p>\n<p style=\"text-align: justify;\">Na noite de segunda-feira(11\/04), convidados, gestores, funcion\u00e1rios, professores e alunos dos cursos t\u00e9cnicos e da EJA participaram de um &#8220;AUL\u00c3O&#8221; sobre o AUTISMO.<\/p>\n<p style=\"text-align: justify;\">O objetivo fora levar conhecimento e, consequentemente, conscientiza\u00e7\u00e3o \u00e0 toda comunidade escolar, de modo a reduzir a discrimina\u00e7\u00e3o e o preconceito.<\/p>\n<p style=\"text-align: justify;\">O m\u00eas de ABRIL \u00e9 o m\u00eas de CONSCIENTIZA\u00c7\u00c3O do AUTISMO, e por ter autistas matriculados, a unidade entendeu que seria de suma import\u00e2ncia multiplicar orienta\u00e7\u00f5es e informa\u00e7\u00f5es sobre esta condi\u00e7\u00e3o.<\/p>\n<p><img loading=\"lazy\" decoding=\"async\" class=\"alignnone size-full wp-image-62228\" src=\"https:\/\/jorgezanoni.com.br\/2019\/wp-content\/uploads\/2022\/04\/escola1.jpg\" alt=\"\" width=\"1599\" height=\"1200\" srcset=\"https:\/\/jorgezanoni.com.br\/2019\/wp-content\/uploads\/2022\/04\/escola1.jpg 1599w, https:\/\/jorgezanoni.com.br\/2019\/wp-content\/uploads\/2022\/04\/escola1-300x225.jpg 300w, https:\/\/jorgezanoni.com.br\/2019\/wp-content\/uploads\/2022\/04\/escola1-1024x768.jpg 1024w, https:\/\/jorgezanoni.com.br\/2019\/wp-content\/uploads\/2022\/04\/escola1-768x576.jpg 768w, https:\/\/jorgezanoni.com.br\/2019\/wp-content\/uploads\/2022\/04\/escola1-1536x1153.jpg 1536w, https:\/\/jorgezanoni.com.br\/2019\/wp-content\/uploads\/2022\/04\/escola1-80x60.jpg 80w, https:\/\/jorgezanoni.com.br\/2019\/wp-content\/uploads\/2022\/04\/escola1-265x198.jpg 265w, https:\/\/jorgezanoni.com.br\/2019\/wp-content\/uploads\/2022\/04\/escola1-696x522.jpg 696w, https:\/\/jorgezanoni.com.br\/2019\/wp-content\/uploads\/2022\/04\/escola1-1068x802.jpg 1068w, https:\/\/jorgezanoni.com.br\/2019\/wp-content\/uploads\/2022\/04\/escola1-560x420.jpg 560w\" sizes=\"auto, (max-width: 1599px) 100vw, 1599px\" \/> <img loading=\"lazy\" decoding=\"async\" class=\"alignnone size-full wp-image-62229\" src=\"https:\/\/jorgezanoni.com.br\/2019\/wp-content\/uploads\/2022\/04\/escola2.jpg\" alt=\"\" width=\"1600\" height=\"738\" srcset=\"https:\/\/jorgezanoni.com.br\/2019\/wp-content\/uploads\/2022\/04\/escola2.jpg 1600w, https:\/\/jorgezanoni.com.br\/2019\/wp-content\/uploads\/2022\/04\/escola2-300x138.jpg 300w, https:\/\/jorgezanoni.com.br\/2019\/wp-content\/uploads\/2022\/04\/escola2-1024x472.jpg 1024w, https:\/\/jorgezanoni.com.br\/2019\/wp-content\/uploads\/2022\/04\/escola2-768x354.jpg 768w, https:\/\/jorgezanoni.com.br\/2019\/wp-content\/uploads\/2022\/04\/escola2-1536x708.jpg 1536w, https:\/\/jorgezanoni.com.br\/2019\/wp-content\/uploads\/2022\/04\/escola2-696x321.jpg 696w, https:\/\/jorgezanoni.com.br\/2019\/wp-content\/uploads\/2022\/04\/escola2-1068x493.jpg 1068w, https:\/\/jorgezanoni.com.br\/2019\/wp-content\/uploads\/2022\/04\/escola2-911x420.jpg 911w\" sizes=\"auto, (max-width: 1600px) 100vw, 1600px\" \/> <img loading=\"lazy\" decoding=\"async\" class=\"alignnone size-full wp-image-62230\" src=\"https:\/\/jorgezanoni.com.br\/2019\/wp-content\/uploads\/2022\/04\/escola3.jpg\" alt=\"\" width=\"1600\" height=\"900\" srcset=\"https:\/\/jorgezanoni.com.br\/2019\/wp-content\/uploads\/2022\/04\/escola3.jpg 1600w, https:\/\/jorgezanoni.com.br\/2019\/wp-content\/uploads\/2022\/04\/escola3-300x169.jpg 300w, https:\/\/jorgezanoni.com.br\/2019\/wp-content\/uploads\/2022\/04\/escola3-1024x576.jpg 1024w, https:\/\/jorgezanoni.com.br\/2019\/wp-content\/uploads\/2022\/04\/escola3-768x432.jpg 768w, https:\/\/jorgezanoni.com.br\/2019\/wp-content\/uploads\/2022\/04\/escola3-1536x864.jpg 1536w, https:\/\/jorgezanoni.com.br\/2019\/wp-content\/uploads\/2022\/04\/escola3-696x392.jpg 696w, https:\/\/jorgezanoni.com.br\/2019\/wp-content\/uploads\/2022\/04\/escola3-1068x601.jpg 1068w, https:\/\/jorgezanoni.com.br\/2019\/wp-content\/uploads\/2022\/04\/escola3-747x420.jpg 747w\" sizes=\"auto, (max-width: 1600px) 100vw, 1600px\" \/><\/p>\n<p>Fotos de Internauta<\/p>\n","protected":false},"excerpt":{"rendered":"<p>Na segunda-feira (11) a Escola T\u00e9cnica Municipal Izaura Sampaio de Dracena realizou a 1\u00aa A\u00c7\u00c3O DE CONSCIENTIZA\u00c7\u00c3O DO AUTISMO 1\u00aa A\u00c7\u00c3O DE CONSCIENTIZA\u00c7\u00c3O SOBRE O AUTISMO&#8230; Na noite de segunda-feira(11\/04), convidados, gestores, funcion\u00e1rios, professores e alunos dos cursos t\u00e9cnicos e da EJA participaram de um &#8220;AUL\u00c3O&#8221; sobre o AUTISMO. O objetivo fora levar conhecimento e, [&hellip;]<\/p>\n","protected":false},"author":1,"featured_media":62227,"comment_status":"closed","ping_status":"open","sticky":false,"template":"","format":"standard","meta":{"footnotes":""},"categories":[114,110],"tags":[],"class_list":["post-62226","post","type-post","status-publish","format-standard","has-post-thumbnail","hentry","category-geralecomercio","category-noticiasdestaque"],"_links":{"self":[{"href":"https:\/\/jorgezanoni.com.br\/2019\/wp-json\/wp\/v2\/posts\/62226","targetHints":{"allow":["GET"]}}],"collection":[{"href":"https:\/\/jorgezanoni.com.br\/2019\/wp-json\/wp\/v2\/posts"}],"about":[{"href":"https:\/\/jorgezanoni.com.br\/2019\/wp-json\/wp\/v2\/types\/post"}],"author":[{"embeddable":true,"href":"https:\/\/jorgezanoni.com.br\/2019\/wp-json\/wp\/v2\/users\/1"}],"replies":[{"embeddable":true,"href":"https:\/\/jorgezanoni.com.br\/2019\/wp-json\/wp\/v2\/comments?post=62226"}],"version-history":[{"count":0,"href":"https:\/\/jorgezanoni.com.br\/2019\/wp-json\/wp\/v2\/posts\/62226\/revisions"}],"wp:featuredmedia":[{"embeddable":true,"href":"https:\/\/jorgezanoni.com.br\/2019\/wp-json\/wp\/v2\/media\/62227"}],"wp:attachment":[{"href":"https:\/\/jorgezanoni.com.br\/2019\/wp-json\/wp\/v2\/media?parent=62226"}],"wp:term":[{"taxonomy":"category","embeddable":true,"href":"https:\/\/jorgezanoni.com.br\/2019\/wp-json\/wp\/v2\/categories?post=62226"},{"taxonomy":"post_tag","embeddable":true,"href":"https:\/\/jorgezanoni.com.br\/2019\/wp-json\/wp\/v2\/tags?post=62226"}],"curies":[{"name":"wp","href":"https:\/\/api.w.org\/{rel}","templated":true}]}}