{"id":62223,"date":"2022-04-15T15:38:21","date_gmt":"2022-04-15T15:38:21","guid":{"rendered":"https:\/\/jorgezanoni.com.br\/2019\/?p=62223"},"modified":"2022-04-15T15:38:21","modified_gmt":"2022-04-15T15:38:21","slug":"anglo-cid-comemora-o-centenario-da-semana-de-arte-moderna","status":"publish","type":"post","link":"https:\/\/jorgezanoni.com.br\/2019\/anglo-cid-comemora-o-centenario-da-semana-de-arte-moderna\/","title":{"rendered":"Anglo-CID comemora o Centen\u00e1rio da Semana de Arte Moderna"},"content":{"rendered":"<div dir=\"ltr\" style=\"text-align: justify;\">Os alunos do Ensino M\u00e9dio do col\u00e9gio Anglo-CID comemoraram o Centen\u00e1rio da Semana de Arte Moderna fazendo a representa\u00e7\u00e3o dos melhores momentos das apresenta\u00e7\u00f5es de 1922. A atividade envolveu os segmentos art\u00edsticos de pintura, literatura e m\u00fasica.<\/div>\n<div dir=\"ltr\" style=\"text-align: justify;\">\n<span style=\"font-size: large;\">Orientados pela Profa. Ma. Lizandra do Nascimento Martins, durante a Oficina de Literatura, os alunos se reuniram, pesquisaram e se inspiraram nas apresenta\u00e7\u00f5es de 1922 de Heitor Villa-Lobos, Tarsila do Amaral, Anita Malfatti, Menotti del Picchia, Gra\u00e7a Aranha, M\u00e1rio de Andrade e Oswald de Andrade e depois fizeram a declama\u00e7\u00e3o de poemas, apresenta\u00e7\u00f5es musicais, de teatro e releitura das principais obras e pinturas, contando a hist\u00f3ria por meio de slides.<\/span><\/p>\n<p><span style=\"font-size: large;\">Segundo a professora\u00a0<\/span>Lizandra, &#8220;o<span style=\"font-size: large;\">\u00a0principal legado da Semana de Arte Moderna foi o de despertar uma consci\u00eancia de modernidade art\u00edstica no brasileiro e gerar debate na sociedade acerca de toda a produ\u00e7\u00e3o que era realizada no Brasil. Ent\u00e3o, relembrar o que foi a Semana de Arte Moderna, com o itiner\u00e1rio de Literatura, faz com que os alunos mergulhem nessa arte de 1922, e tamb\u00e9m entendam todo o processo do que s\u00e3o as interpreta\u00e7\u00f5es art\u00edsticas do momento contempor\u00e2neo&#8221;.<\/span><\/p>\n<p><span style=\"font-size: large;\">A Semana de Arte Moderna foi uma manifesta\u00e7\u00e3o art\u00edstico-cultural que ocorreu no Theatro Municipal de S\u00e3o Paulo, entre os dias 13 a 18 de fevereiro de 1922. A atividade marcou o in\u00edcio do Modernismo no Brasil, rompendo com o tradicionalismo europeu (parnasianismo, simbolismo e a arte acad\u00eamica) e promovendo a liberta\u00e7\u00e3o est\u00e9tica, a experimenta\u00e7\u00e3o constante e, principalmente, a independ\u00eancia cultural do Brasil.<\/span><\/p>\n<p><span style=\"font-size: large;\">A equipe gestora parabeniza os professores e alunos envolvidos nesta atividade t\u00e3o importante. A Semana de Arte Moderna revolucionou o pensamento e a vis\u00e3o cultural da sociedade da \u00e9poca, destacando e divulgando o cotidiano do povo brasileiro.<\/span><\/div>\n<div dir=\"ltr\"><\/div>\n<div dir=\"ltr\">Fonte: Depto. Comunica\u00e7\u00e3o Fundec<\/div>\n","protected":false},"excerpt":{"rendered":"<p>Os alunos do Ensino M\u00e9dio do col\u00e9gio Anglo-CID comemoraram o Centen\u00e1rio da Semana de Arte Moderna fazendo a representa\u00e7\u00e3o dos melhores momentos das apresenta\u00e7\u00f5es de 1922. A atividade envolveu os segmentos art\u00edsticos de pintura, literatura e m\u00fasica. Orientados pela Profa. Ma. Lizandra do Nascimento Martins, durante a Oficina de Literatura, os alunos se reuniram, pesquisaram [&hellip;]<\/p>\n","protected":false},"author":1,"featured_media":62224,"comment_status":"closed","ping_status":"open","sticky":false,"template":"","format":"standard","meta":{"footnotes":""},"categories":[110,122],"tags":[],"class_list":["post-62223","post","type-post","status-publish","format-standard","has-post-thumbnail","hentry","category-noticiasdestaque","category-saudeeducacaoeconcurso"],"_links":{"self":[{"href":"https:\/\/jorgezanoni.com.br\/2019\/wp-json\/wp\/v2\/posts\/62223","targetHints":{"allow":["GET"]}}],"collection":[{"href":"https:\/\/jorgezanoni.com.br\/2019\/wp-json\/wp\/v2\/posts"}],"about":[{"href":"https:\/\/jorgezanoni.com.br\/2019\/wp-json\/wp\/v2\/types\/post"}],"author":[{"embeddable":true,"href":"https:\/\/jorgezanoni.com.br\/2019\/wp-json\/wp\/v2\/users\/1"}],"replies":[{"embeddable":true,"href":"https:\/\/jorgezanoni.com.br\/2019\/wp-json\/wp\/v2\/comments?post=62223"}],"version-history":[{"count":0,"href":"https:\/\/jorgezanoni.com.br\/2019\/wp-json\/wp\/v2\/posts\/62223\/revisions"}],"wp:featuredmedia":[{"embeddable":true,"href":"https:\/\/jorgezanoni.com.br\/2019\/wp-json\/wp\/v2\/media\/62224"}],"wp:attachment":[{"href":"https:\/\/jorgezanoni.com.br\/2019\/wp-json\/wp\/v2\/media?parent=62223"}],"wp:term":[{"taxonomy":"category","embeddable":true,"href":"https:\/\/jorgezanoni.com.br\/2019\/wp-json\/wp\/v2\/categories?post=62223"},{"taxonomy":"post_tag","embeddable":true,"href":"https:\/\/jorgezanoni.com.br\/2019\/wp-json\/wp\/v2\/tags?post=62223"}],"curies":[{"name":"wp","href":"https:\/\/api.w.org\/{rel}","templated":true}]}}