{"id":62217,"date":"2022-04-15T15:09:19","date_gmt":"2022-04-15T15:09:19","guid":{"rendered":"https:\/\/jorgezanoni.com.br\/2019\/?p=62217"},"modified":"2022-04-15T15:09:19","modified_gmt":"2022-04-15T15:09:19","slug":"cep-ume-esta-com-matriculas-abertas-para-os-cursos-tecnicos-2","status":"publish","type":"post","link":"https:\/\/jorgezanoni.com.br\/2019\/cep-ume-esta-com-matriculas-abertas-para-os-cursos-tecnicos-2\/","title":{"rendered":"CEP\/UME est\u00e1 com matr\u00edculas abertas para os cursos t\u00e9cnicos"},"content":{"rendered":"<p style=\"text-align: justify;\"><span style=\"font-size: large;\">A forma\u00e7\u00e3o nos cursos t\u00e9cnicos em Enfermagem, Est\u00e9tica, Radiologia, Edifica\u00e7\u00f5es e Seguran\u00e7a do Trabalho do CEP\/UME proporciona um r\u00e1pido ingresso no mercado de trabalho e os alunos saem preparados para atuar com qualidade em suas \u00e1reas.<\/span><\/p>\n<p><span style=\"font-size: large;\">As matr\u00edculas est\u00e3o abertas para as turmas 2023 e os interessados que as efetivarem at\u00e9 o dia 16 de dezembro de 2022 garantem isen\u00e7\u00e3o da taxa de matr\u00edcula inicial e 15% de desconto nas mensalidades (n\u00e3o cumulativos com outros programas de bolsas, com exce\u00e7\u00e3o do programa Indique um Amigo).<\/span><\/p>\n<p><span style=\"font-size: large;\">As matr\u00edculas podem ser feitas na Secretaria Geral da Fundec (Rua Bahia, 332, em Dracena). Conhe\u00e7a mais sobre os cursos e veja o edital com os documentos necess\u00e1rios em\u00a0<a href=\"https:\/\/fundec.edu.br\/tecnico\" target=\"_blank\" rel=\"noopener noreferrer\">https:\/\/fundec.edu.br\/tecnico<\/a>\u00a0.<\/span><\/p>\n<p><span style=\"font-size: large;\"><b>Cursos T\u00e9cnicos no CEP\/UME<\/b><\/span><br \/>\n<span style=\"font-size: large;\">1. T\u00e9cnico em Enfermagem, 2. T\u00e9cnico em Est\u00e9tica, 3. T\u00e9cnico em Radiologia, 4. T\u00e9cnico em Edifica\u00e7\u00f5es e 5. T\u00e9cnico em Seguran\u00e7a do Trabalho<\/span><br \/>\n<span style=\"font-size: large;\"><b>Matr\u00edculas<\/b>: at\u00e9 16\/12, de segunda a sexta-feira, das 8h \u00e0s 12h e das 18h30 \u00e0s 21h<\/span><br \/>\n<span style=\"font-size: large;\"><b>Benef\u00edcio<\/b>: isen\u00e7\u00e3o da taxa de matr\u00edcula e 15% de desconto nas mensalidades (at\u00e9 16\/12)<\/span><\/p>\n<p><span style=\"font-size: large;\"><b>Centro de Informa\u00e7\u00f5es<\/b>: (18) 3821-9004 | (18) 99802-1237 (Whatsapp)<\/span><\/p>\n<p>Fonte: Depto. de Comunica\u00e7\u00e3o da Fundec<\/p>\n","protected":false},"excerpt":{"rendered":"<p>A forma\u00e7\u00e3o nos cursos t\u00e9cnicos em Enfermagem, Est\u00e9tica, Radiologia, Edifica\u00e7\u00f5es e Seguran\u00e7a do Trabalho do CEP\/UME proporciona um r\u00e1pido ingresso no mercado de trabalho e os alunos saem preparados para atuar com qualidade em suas \u00e1reas. As matr\u00edculas est\u00e3o abertas para as turmas 2023 e os interessados que as efetivarem at\u00e9 o dia 16 de [&hellip;]<\/p>\n","protected":false},"author":1,"featured_media":62218,"comment_status":"closed","ping_status":"open","sticky":false,"template":"","format":"standard","meta":{"footnotes":""},"categories":[110,122],"tags":[],"class_list":["post-62217","post","type-post","status-publish","format-standard","has-post-thumbnail","hentry","category-noticiasdestaque","category-saudeeducacaoeconcurso"],"_links":{"self":[{"href":"https:\/\/jorgezanoni.com.br\/2019\/wp-json\/wp\/v2\/posts\/62217","targetHints":{"allow":["GET"]}}],"collection":[{"href":"https:\/\/jorgezanoni.com.br\/2019\/wp-json\/wp\/v2\/posts"}],"about":[{"href":"https:\/\/jorgezanoni.com.br\/2019\/wp-json\/wp\/v2\/types\/post"}],"author":[{"embeddable":true,"href":"https:\/\/jorgezanoni.com.br\/2019\/wp-json\/wp\/v2\/users\/1"}],"replies":[{"embeddable":true,"href":"https:\/\/jorgezanoni.com.br\/2019\/wp-json\/wp\/v2\/comments?post=62217"}],"version-history":[{"count":0,"href":"https:\/\/jorgezanoni.com.br\/2019\/wp-json\/wp\/v2\/posts\/62217\/revisions"}],"wp:featuredmedia":[{"embeddable":true,"href":"https:\/\/jorgezanoni.com.br\/2019\/wp-json\/wp\/v2\/media\/62218"}],"wp:attachment":[{"href":"https:\/\/jorgezanoni.com.br\/2019\/wp-json\/wp\/v2\/media?parent=62217"}],"wp:term":[{"taxonomy":"category","embeddable":true,"href":"https:\/\/jorgezanoni.com.br\/2019\/wp-json\/wp\/v2\/categories?post=62217"},{"taxonomy":"post_tag","embeddable":true,"href":"https:\/\/jorgezanoni.com.br\/2019\/wp-json\/wp\/v2\/tags?post=62217"}],"curies":[{"name":"wp","href":"https:\/\/api.w.org\/{rel}","templated":true}]}}