{"id":62146,"date":"2022-04-12T23:45:24","date_gmt":"2022-04-12T23:45:24","guid":{"rendered":"https:\/\/jorgezanoni.com.br\/2019\/?p=62146"},"modified":"2022-04-12T23:45:24","modified_gmt":"2022-04-12T23:45:24","slug":"inscricoes-abertas-para-a-unati","status":"publish","type":"post","link":"https:\/\/jorgezanoni.com.br\/2019\/inscricoes-abertas-para-a-unati\/","title":{"rendered":"Inscri\u00e7\u00f5es abertas para a UNATI"},"content":{"rendered":"<p style=\"text-align: justify;\"><span style=\"font-size: large;\">O programa Universidade Aberta \u00e0 Terceira Idade (UNATI), uma parceria entre o Campus de Dracena da Unesp, a Fundec &#8211; Funda\u00e7\u00e3o Dracenense de Educa\u00e7\u00e3o e Cultura e a Prefeitura Municipal de Dracena, est\u00e1 com vagas abertas para sua 14\u00aa turma.<\/span><\/p>\n<p><span style=\"font-size: large;\">O programa \u00e9 gratuito e destinado a pessoas com mais de 60 anos, independentemente do grau de escolaridade, promovendo atividades f\u00edsicas, intelectuais e recreativas voltadas aos idosos, com o objetivo de proporcionar o bem-estar f\u00edsico, social e emocional dos participantes.<\/span><\/p>\n<p><span style=\"font-size: large;\">&#8220;O programa volta a ser presencial, depois de ter sido realizado remotamente no ano de 2021 por conta da pandemia&#8221;, afirma Daniela Mac\u00e1rio, coordenadora da UNATI pela Unifadra, que atuar\u00e1 juntamente com o\u00a0<\/span>Prof. Dr.<span style=\"font-size: large;\">\u00a0Paulo Alexandre Monteiro de Figueiredo, coordenador da UNATI pela Unesp de Dracena.<\/span><\/p>\n<p><span style=\"font-size: large;\"><b>UNATI &#8211; turma 2022<\/b><\/span><br \/>\n<span style=\"font-size: large;\"><b>Inscri\u00e7\u00e3o (gratuita)<\/b>: at\u00e9 06\/05\/2022<\/span><br \/>\n<span style=\"font-size: large;\"><b>In\u00edcio das atividades<\/b>: dia 10\/05 (presenciais)<\/span><br \/>\n<span style=\"font-size: large;\"><b>Quando<\/b>: \u00e0s ter\u00e7as e quintas-feiras, \u00e0s 14h<\/span><br \/>\n<span style=\"font-size: large;\"><b>Onde<\/b>: Pr\u00e9dio da Unifadra\/Fundec e Campus da Unesp de Dracena<\/span><br \/>\n<span style=\"font-size: large;\">(haver\u00e1 transporte saindo da Unifadra quando as atividades forem realizadas na Unesp)<\/span><br \/>\n<span style=\"font-size: large;\"><b>Informa\u00e7\u00f5es<\/b>: (18) 3821-9015 (Fundec) e (18) 3821-8202 (Unesp &#8211; Dracena)<\/span><\/p>\n<p><span style=\"font-size: large;\"><b>Documentos necess\u00e1rios para inscri\u00e7\u00e3o:<\/b><\/span><br \/>\n<span style=\"font-size: large;\">&#8211; 1 foto 3&#215;4<\/span><br \/>\n<span style=\"font-size: large;\">&#8211; comprovante de endere\u00e7o<\/span><br \/>\n<span style=\"font-size: large;\">&#8211; certid\u00e3o de nascimento ou casamento<\/span><br \/>\n<span style=\"font-size: large;\">&#8211; c\u00f3pia do RG e CPF<\/span><br \/>\n<span style=\"font-size: large;\">&#8211; 2 n\u00fameros de telefone para contato<\/span><\/p>\n<p><span style=\"font-size: large;\">As inscri\u00e7\u00f5es podem ser feitas presencialmente na Secretaria Geral da Fundec (localizada na Rua Bahia, 332, em Dracena, SP) ou os documentos podem ser enviados para o Whatsapp do setor: (18) 99634-0383.<\/span><\/p>\n<p><span style=\"font-size: large;\"><b>Realiza\u00e7\u00e3o:<\/b><\/span><br \/>\n<span style=\"font-size: large;\">Fundec &#8211; Funda\u00e7\u00e3o Dracenense de Educa\u00e7\u00e3o e Cultura<\/span><br \/>\n<span style=\"font-size: large;\">Unesp &#8211; Universidade Estadual Paulista &#8211; Campus de Dracena<\/span><br \/>\n<span style=\"font-size: large;\">Prefeitura Municipal de Dracena<\/span><\/p>\n<p>Fonte: Depto. Comunica\u00e7\u00e3o Fundec<\/p>\n","protected":false},"excerpt":{"rendered":"<p>O programa Universidade Aberta \u00e0 Terceira Idade (UNATI), uma parceria entre o Campus de Dracena da Unesp, a Fundec &#8211; Funda\u00e7\u00e3o Dracenense de Educa\u00e7\u00e3o e Cultura e a Prefeitura Municipal de Dracena, est\u00e1 com vagas abertas para sua 14\u00aa turma. O programa \u00e9 gratuito e destinado a pessoas com mais de 60 anos, independentemente do [&hellip;]<\/p>\n","protected":false},"author":1,"featured_media":62147,"comment_status":"closed","ping_status":"open","sticky":false,"template":"","format":"standard","meta":{"footnotes":""},"categories":[110,122],"tags":[],"class_list":["post-62146","post","type-post","status-publish","format-standard","has-post-thumbnail","hentry","category-noticiasdestaque","category-saudeeducacaoeconcurso"],"_links":{"self":[{"href":"https:\/\/jorgezanoni.com.br\/2019\/wp-json\/wp\/v2\/posts\/62146","targetHints":{"allow":["GET"]}}],"collection":[{"href":"https:\/\/jorgezanoni.com.br\/2019\/wp-json\/wp\/v2\/posts"}],"about":[{"href":"https:\/\/jorgezanoni.com.br\/2019\/wp-json\/wp\/v2\/types\/post"}],"author":[{"embeddable":true,"href":"https:\/\/jorgezanoni.com.br\/2019\/wp-json\/wp\/v2\/users\/1"}],"replies":[{"embeddable":true,"href":"https:\/\/jorgezanoni.com.br\/2019\/wp-json\/wp\/v2\/comments?post=62146"}],"version-history":[{"count":0,"href":"https:\/\/jorgezanoni.com.br\/2019\/wp-json\/wp\/v2\/posts\/62146\/revisions"}],"wp:featuredmedia":[{"embeddable":true,"href":"https:\/\/jorgezanoni.com.br\/2019\/wp-json\/wp\/v2\/media\/62147"}],"wp:attachment":[{"href":"https:\/\/jorgezanoni.com.br\/2019\/wp-json\/wp\/v2\/media?parent=62146"}],"wp:term":[{"taxonomy":"category","embeddable":true,"href":"https:\/\/jorgezanoni.com.br\/2019\/wp-json\/wp\/v2\/categories?post=62146"},{"taxonomy":"post_tag","embeddable":true,"href":"https:\/\/jorgezanoni.com.br\/2019\/wp-json\/wp\/v2\/tags?post=62146"}],"curies":[{"name":"wp","href":"https:\/\/api.w.org\/{rel}","templated":true}]}}