{"id":62143,"date":"2022-04-12T23:22:27","date_gmt":"2022-04-12T23:22:27","guid":{"rendered":"https:\/\/jorgezanoni.com.br\/2019\/?p=62143"},"modified":"2022-04-12T23:22:27","modified_gmt":"2022-04-12T23:22:27","slug":"vestibular-da-unifadra-dracena-esta-com-inscricoes-abertas","status":"publish","type":"post","link":"https:\/\/jorgezanoni.com.br\/2019\/vestibular-da-unifadra-dracena-esta-com-inscricoes-abertas\/","title":{"rendered":"Vestibular da Unifadra Dracena est\u00e1 com inscri\u00e7\u00f5es abertas"},"content":{"rendered":"<p style=\"text-align: justify;\"><span style=\"font-size: large;\"> A Unifadra abriu inscri\u00e7\u00f5es para o vestibular dos cursos noturnos de An\u00e1lise e Desenvolvimento de Sistem<\/span><span style=\"font-size: large;\">as, Artes Visuais, Ci\u00eancias Biol\u00f3gicas, Educa\u00e7\u00e3o F\u00edsica, Enfermagem, Letras, Matem\u00e1tica, Pedagogia e Psicologia.<\/span><\/p>\n<p style=\"text-align: justify;\"><span style=\"font-size: large;\">Al\u00e9m de escolher uma \u00e1rea para cursar, os candidatos devem optar por uma das tr\u00eas formas de ingresso:<\/span><\/p>\n<ul>\n<li style=\"text-align: justify;\"><span style=\"font-size: large;\">usar a nota do ENEM de 2010 a 2020 (sem a necessidade de realizar uma prova);\u00a0<\/span><\/li>\n<li style=\"text-align: justify;\"><span style=\"font-size: large;\">fazer o vestibular agendado presencial (agendar sua prova no site da Fundec e prestar o vestibular individualmente na institui\u00e7\u00e3o, seguindo os protocolos sanit\u00e1rios) ou\u00a0<\/span><\/li>\n<li><span style=\"font-size: large;\">realizar a prova on-line (em que os candidatos far\u00e3o uma reda\u00e7\u00e3o on-line, pelo site da Fundec, com data e hor\u00e1rio pr\u00e9-agendados).<\/span><\/li>\n<\/ul>\n<p style=\"text-align: justify;\"><span style=\"font-size: large;\">Os candidatos aprovados que realizarem suas matr\u00edculas at\u00e9 16\/09\/2022 est\u00e3o isentos da taxa de matr\u00edcula inicial e recebem desconto de 25% nas mensalidades dos cursos noturnos (n\u00e3o cumulativos com outros programas de bolsas, com exce\u00e7\u00e3o do programa Indique um Amigo).<\/span><\/p>\n<p style=\"text-align: justify;\"><span style=\"font-size: large;\">O edital e as inscri\u00e7\u00f5es dos cursos noturnos est\u00e3o dispon\u00edveis no site\u00a0<a href=\"https:\/\/fundec.edu.br\/vestibular\" target=\"_blank\" rel=\"noopener noreferrer\">https:\/\/fundec.edu.br\/vestibular<\/a>\u00a0.<\/span><\/p>\n<p style=\"text-align: justify;\"><span style=\"font-size: large;\"><b>Vestibular Unifadra &#8211; Cursos Noturnos (reserva de vagas 2023) Inscri\u00e7\u00f5es: de 11\/04 a 29\/07 (<a href=\"https:\/\/fundec.edu.br\/vestibular\" target=\"_blank\" rel=\"noopener noreferrer\">https:\/\/fundec.edu.br\/vestibular<\/a>) Matr\u00edculas: at\u00e9 16\/09, de segunda a sexta-feira, das 8h \u00e0s 12h e das 18h30 \u00e0s 21h Benef\u00edcio: isen\u00e7\u00e3o da taxa de matr\u00edcula e 25% de desconto nas mensalidades (at\u00e9 16\/09)<\/b><\/span><\/p>\n<div id=\"message-htmlpart1\" class=\"message-htmlpart\">\n<div class=\"rcmBody\">\n<div dir=\"ltr\">\n<div class=\"v1gmail_signature\" dir=\"ltr\">\n<div dir=\"ltr\" style=\"text-align: justify;\"><span style=\"font-size: large;\"><b>Centro de Informa\u00e7\u00f5es<\/b>: (18) 3821-9004 ou\u00a0<\/span><span style=\"font-size: large;\"><a href=\"https:\/\/api.whatsapp.com\/send?phone=5518998021237\" target=\"_blank\" rel=\"noopener noreferrer\">(18) 99802-1237<\/a> (Whatsapp)<\/span><\/div>\n<div dir=\"ltr\"><\/div>\n<\/div>\n<div dir=\"ltr\">Fonte: Depto. de Comunica\u00e7\u00e3o da Fundec<\/div>\n<\/div>\n<\/div>\n<div dir=\"ltr\"><\/div>\n<\/div>\n<p class=\"image-attachment\">\n<p>&nbsp;<\/p>\n<p class=\"image-attachment\">\n<p><span style=\"font-size: large;\"><b><\/p>\n<p><\/b><\/span><\/p>\n","protected":false},"excerpt":{"rendered":"<p>A Unifadra abriu inscri\u00e7\u00f5es para o vestibular dos cursos noturnos de An\u00e1lise e Desenvolvimento de Sistemas, Artes Visuais, Ci\u00eancias Biol\u00f3gicas, Educa\u00e7\u00e3o F\u00edsica, Enfermagem, Letras, Matem\u00e1tica, Pedagogia e Psicologia. Al\u00e9m de escolher uma \u00e1rea para cursar, os candidatos devem optar por uma das tr\u00eas formas de ingresso: usar a nota do ENEM de 2010 a 2020 [&hellip;]<\/p>\n","protected":false},"author":1,"featured_media":62144,"comment_status":"closed","ping_status":"open","sticky":false,"template":"","format":"standard","meta":{"footnotes":""},"categories":[110,122],"tags":[],"class_list":["post-62143","post","type-post","status-publish","format-standard","has-post-thumbnail","hentry","category-noticiasdestaque","category-saudeeducacaoeconcurso"],"_links":{"self":[{"href":"https:\/\/jorgezanoni.com.br\/2019\/wp-json\/wp\/v2\/posts\/62143","targetHints":{"allow":["GET"]}}],"collection":[{"href":"https:\/\/jorgezanoni.com.br\/2019\/wp-json\/wp\/v2\/posts"}],"about":[{"href":"https:\/\/jorgezanoni.com.br\/2019\/wp-json\/wp\/v2\/types\/post"}],"author":[{"embeddable":true,"href":"https:\/\/jorgezanoni.com.br\/2019\/wp-json\/wp\/v2\/users\/1"}],"replies":[{"embeddable":true,"href":"https:\/\/jorgezanoni.com.br\/2019\/wp-json\/wp\/v2\/comments?post=62143"}],"version-history":[{"count":0,"href":"https:\/\/jorgezanoni.com.br\/2019\/wp-json\/wp\/v2\/posts\/62143\/revisions"}],"wp:featuredmedia":[{"embeddable":true,"href":"https:\/\/jorgezanoni.com.br\/2019\/wp-json\/wp\/v2\/media\/62144"}],"wp:attachment":[{"href":"https:\/\/jorgezanoni.com.br\/2019\/wp-json\/wp\/v2\/media?parent=62143"}],"wp:term":[{"taxonomy":"category","embeddable":true,"href":"https:\/\/jorgezanoni.com.br\/2019\/wp-json\/wp\/v2\/categories?post=62143"},{"taxonomy":"post_tag","embeddable":true,"href":"https:\/\/jorgezanoni.com.br\/2019\/wp-json\/wp\/v2\/tags?post=62143"}],"curies":[{"name":"wp","href":"https:\/\/api.w.org\/{rel}","templated":true}]}}