{"id":62098,"date":"2022-04-11T00:35:55","date_gmt":"2022-04-11T00:35:55","guid":{"rendered":"https:\/\/jorgezanoni.com.br\/2019\/?p=62098"},"modified":"2022-04-11T00:35:55","modified_gmt":"2022-04-11T00:35:55","slug":"policia-militar-recupera-veiculo-furtado-e-prende-autor-em-flagrante-nas-margens-da-sp-294","status":"publish","type":"post","link":"https:\/\/jorgezanoni.com.br\/2019\/policia-militar-recupera-veiculo-furtado-e-prende-autor-em-flagrante-nas-margens-da-sp-294\/","title":{"rendered":"Pol\u00edcia Militar recupera ve\u00edculo furtado e prende autor em flagrante nas margens da SP-294"},"content":{"rendered":"<p style=\"text-align: justify;\">Na manh\u00e3 de hoje (10), por volta das 06h30min, a unidade de servi\u00e7o da Pol\u00edcia Militar obteve a informa\u00e7\u00e3o da equipe noturna sobre um furto ocorrido a um ve\u00edculo Gol de cor azul, pelo munic\u00edpio de Paulic\u00e9ia. De posse das caracter\u00edsticas do ve\u00edculo iniciou patrulhamento com vistas, quando visualizou um ve\u00edculo com as mesmas caracter\u00edsticas parado as margens da rodovia SP 294, pr\u00f3ximo ao munic\u00edpio de Paulic\u00e9ia e um indiv\u00edduo (homem, 38 anos) em seu interior. De imediato realizou a abordagem e durante entrevista foi solicitado documentos do ve\u00edculo e pessoais, sendo que retirou do bolso o documento do ve\u00edculo alegando ser de sua propriedade, por\u00e9m entrando em contradi\u00e7\u00e3o quanto o nome que constava no CLA dentre outras informa\u00e7\u00f5es. Em ato simult\u00e2neo, demais equipes realizavam contato com a v\u00edtima (homem, 36 anos) passando informa\u00e7\u00f5es para os policiais que abordavam o ve\u00edculo, o qual relatou que seu aparelho celular encontrava-se no interior do ve\u00edculo, onde a v\u00edtima realizou a liga\u00e7\u00e3o para seu aparelho celular, vindo a tocar no interior do ve\u00edculo. Diante dos fatos o indiv\u00edduo foi preso em flagrante por furto \u00e0 ve\u00edculo, permanecendo preso e \u00e1 disposi\u00e7\u00e3o da Justi\u00e7a.<\/p>\n<p><img loading=\"lazy\" decoding=\"async\" class=\"alignnone size-full wp-image-62100\" src=\"https:\/\/jorgezanoni.com.br\/2019\/wp-content\/uploads\/2022\/04\/carro1.jpg\" alt=\"\" width=\"1040\" height=\"780\" srcset=\"https:\/\/jorgezanoni.com.br\/2019\/wp-content\/uploads\/2022\/04\/carro1.jpg 1040w, https:\/\/jorgezanoni.com.br\/2019\/wp-content\/uploads\/2022\/04\/carro1-300x225.jpg 300w, https:\/\/jorgezanoni.com.br\/2019\/wp-content\/uploads\/2022\/04\/carro1-1024x768.jpg 1024w, https:\/\/jorgezanoni.com.br\/2019\/wp-content\/uploads\/2022\/04\/carro1-768x576.jpg 768w, https:\/\/jorgezanoni.com.br\/2019\/wp-content\/uploads\/2022\/04\/carro1-80x60.jpg 80w, https:\/\/jorgezanoni.com.br\/2019\/wp-content\/uploads\/2022\/04\/carro1-265x198.jpg 265w, https:\/\/jorgezanoni.com.br\/2019\/wp-content\/uploads\/2022\/04\/carro1-696x522.jpg 696w, https:\/\/jorgezanoni.com.br\/2019\/wp-content\/uploads\/2022\/04\/carro1-560x420.jpg 560w\" sizes=\"auto, (max-width: 1040px) 100vw, 1040px\" \/><\/p>\n<p style=\"text-align: justify;\">#25BPMI4CIAPM #25BPMI #cpi8<br \/>\n#POLICIAMILITARSP<br \/>\n#AFOR\u00c7AP\u00daBLICADES\u00c3OPAULO<\/p>\n<p style=\"text-align: justify;\">fonte: Comunica\u00e7\u00e3o social do 25\u2070 BPM\/I 4\u00aa CIA PM<\/p>\n","protected":false},"excerpt":{"rendered":"<p>Na manh\u00e3 de hoje (10), por volta das 06h30min, a unidade de servi\u00e7o da Pol\u00edcia Militar obteve a informa\u00e7\u00e3o da equipe noturna sobre um furto ocorrido a um ve\u00edculo Gol de cor azul, pelo munic\u00edpio de Paulic\u00e9ia. De posse das caracter\u00edsticas do ve\u00edculo iniciou patrulhamento com vistas, quando visualizou um ve\u00edculo com as mesmas caracter\u00edsticas [&hellip;]<\/p>\n","protected":false},"author":1,"featured_media":62099,"comment_status":"closed","ping_status":"open","sticky":false,"template":"","format":"standard","meta":{"footnotes":""},"categories":[110,2],"tags":[],"class_list":["post-62098","post","type-post","status-publish","format-standard","has-post-thumbnail","hentry","category-noticiasdestaque","category-policial"],"_links":{"self":[{"href":"https:\/\/jorgezanoni.com.br\/2019\/wp-json\/wp\/v2\/posts\/62098","targetHints":{"allow":["GET"]}}],"collection":[{"href":"https:\/\/jorgezanoni.com.br\/2019\/wp-json\/wp\/v2\/posts"}],"about":[{"href":"https:\/\/jorgezanoni.com.br\/2019\/wp-json\/wp\/v2\/types\/post"}],"author":[{"embeddable":true,"href":"https:\/\/jorgezanoni.com.br\/2019\/wp-json\/wp\/v2\/users\/1"}],"replies":[{"embeddable":true,"href":"https:\/\/jorgezanoni.com.br\/2019\/wp-json\/wp\/v2\/comments?post=62098"}],"version-history":[{"count":0,"href":"https:\/\/jorgezanoni.com.br\/2019\/wp-json\/wp\/v2\/posts\/62098\/revisions"}],"wp:featuredmedia":[{"embeddable":true,"href":"https:\/\/jorgezanoni.com.br\/2019\/wp-json\/wp\/v2\/media\/62099"}],"wp:attachment":[{"href":"https:\/\/jorgezanoni.com.br\/2019\/wp-json\/wp\/v2\/media?parent=62098"}],"wp:term":[{"taxonomy":"category","embeddable":true,"href":"https:\/\/jorgezanoni.com.br\/2019\/wp-json\/wp\/v2\/categories?post=62098"},{"taxonomy":"post_tag","embeddable":true,"href":"https:\/\/jorgezanoni.com.br\/2019\/wp-json\/wp\/v2\/tags?post=62098"}],"curies":[{"name":"wp","href":"https:\/\/api.w.org\/{rel}","templated":true}]}}