{"id":6206,"date":"2019-09-14T19:11:18","date_gmt":"2019-09-14T19:11:18","guid":{"rendered":"https:\/\/jorgezanoni.com.br\/2019\/?p=6206"},"modified":"2019-09-14T19:11:18","modified_gmt":"2019-09-14T19:11:18","slug":"garotos-sao-alvos-de-bandidos-na-praca-rotary-e-tem-celulares-roubados","status":"publish","type":"post","link":"https:\/\/jorgezanoni.com.br\/2019\/garotos-sao-alvos-de-bandidos-na-praca-rotary-e-tem-celulares-roubados\/","title":{"rendered":"Garotos s\u00e3o alvos de bandidos na Pra\u00e7a Rotary e tem celulares roubados"},"content":{"rendered":"<p><strong>O Site JZ est\u00e1 apurando as informa\u00e7\u00f5es.<\/strong><\/p>\n<p><img loading=\"lazy\" decoding=\"async\" class=\"alignnone size-full wp-image-6207\" src=\"https:\/\/jorgezanoni.com.br\/2019\/wp-content\/uploads\/2019\/09\/jacon-2.jpg\" alt=\"\" width=\"704\" height=\"680\" srcset=\"https:\/\/jorgezanoni.com.br\/2019\/wp-content\/uploads\/2019\/09\/jacon-2.jpg 704w, https:\/\/jorgezanoni.com.br\/2019\/wp-content\/uploads\/2019\/09\/jacon-2-300x290.jpg 300w, https:\/\/jorgezanoni.com.br\/2019\/wp-content\/uploads\/2019\/09\/jacon-2-696x672.jpg 696w, https:\/\/jorgezanoni.com.br\/2019\/wp-content\/uploads\/2019\/09\/jacon-2-435x420.jpg 435w\" sizes=\"auto, (max-width: 704px) 100vw, 704px\" \/><\/p>\n<p style=\"text-align: justify;\">Segundo chegou \u00e0 nossa reda\u00e7\u00e3o, 4 garotos com m\u00e9dia de 12 anos de idade tomavam Terer\u00e9 e batiam papo tranquilamente na Pra\u00e7a Rotary em Dracena, quando foram abordados por dois indiv\u00edduos que estavam em motos.<\/p>\n<p><img loading=\"lazy\" decoding=\"async\" class=\"alignnone size-full wp-image-6208\" src=\"https:\/\/jorgezanoni.com.br\/2019\/wp-content\/uploads\/2019\/09\/jacon1-2.jpg\" alt=\"\" width=\"701\" height=\"673\" srcset=\"https:\/\/jorgezanoni.com.br\/2019\/wp-content\/uploads\/2019\/09\/jacon1-2.jpg 701w, https:\/\/jorgezanoni.com.br\/2019\/wp-content\/uploads\/2019\/09\/jacon1-2-300x288.jpg 300w, https:\/\/jorgezanoni.com.br\/2019\/wp-content\/uploads\/2019\/09\/jacon1-2-696x668.jpg 696w, https:\/\/jorgezanoni.com.br\/2019\/wp-content\/uploads\/2019\/09\/jacon1-2-437x420.jpg 437w\" sizes=\"auto, (max-width: 701px) 100vw, 701px\" \/><\/p>\n<p style=\"text-align: justify;\">Mediante amea\u00e7a com arma de fogo, levaram 4 celulares dos meninos que ficaram sem a\u00e7\u00e3o, foi por volta de 14:30 Horas.<\/p>\n<p><img loading=\"lazy\" decoding=\"async\" class=\"alignnone size-full wp-image-6209\" src=\"https:\/\/jorgezanoni.com.br\/2019\/wp-content\/uploads\/2019\/09\/jacon2-2.jpg\" alt=\"\" width=\"689\" height=\"526\" srcset=\"https:\/\/jorgezanoni.com.br\/2019\/wp-content\/uploads\/2019\/09\/jacon2-2.jpg 689w, https:\/\/jorgezanoni.com.br\/2019\/wp-content\/uploads\/2019\/09\/jacon2-2-300x229.jpg 300w, https:\/\/jorgezanoni.com.br\/2019\/wp-content\/uploads\/2019\/09\/jacon2-2-80x60.jpg 80w, https:\/\/jorgezanoni.com.br\/2019\/wp-content\/uploads\/2019\/09\/jacon2-2-550x420.jpg 550w\" sizes=\"auto, (max-width: 689px) 100vw, 689px\" \/><\/p>\n<p style=\"text-align: justify;\">O roubo foi registrada por c\u00e2meras de seguran\u00e7a de moradores das imedia\u00e7\u00f5es e a Pol\u00edcia est\u00e1 tentando localizar os meliantes.<\/p>\n<p><img loading=\"lazy\" decoding=\"async\" class=\"alignnone size-full wp-image-6210\" src=\"https:\/\/jorgezanoni.com.br\/2019\/wp-content\/uploads\/2019\/09\/jacon3-2.jpg\" alt=\"\" width=\"704\" height=\"661\" srcset=\"https:\/\/jorgezanoni.com.br\/2019\/wp-content\/uploads\/2019\/09\/jacon3-2.jpg 704w, https:\/\/jorgezanoni.com.br\/2019\/wp-content\/uploads\/2019\/09\/jacon3-2-300x282.jpg 300w, https:\/\/jorgezanoni.com.br\/2019\/wp-content\/uploads\/2019\/09\/jacon3-2-696x653.jpg 696w, https:\/\/jorgezanoni.com.br\/2019\/wp-content\/uploads\/2019\/09\/jacon3-2-447x420.jpg 447w\" sizes=\"auto, (max-width: 704px) 100vw, 704px\" \/><\/p>\n<p>Quem tiver alguma informa\u00e7\u00e3o, pode entrar em contato com a Pol\u00edcia Militar atrav\u00e9s do fone 190. N\u00e3o \u00e9 preciso se identificar.<\/p>\n<p style=\"text-align: justify;\">Jorge Zanoni<\/p>\n<p>Imagens cedidas<\/p>\n","protected":false},"excerpt":{"rendered":"<p>O Site JZ est\u00e1 apurando as informa\u00e7\u00f5es. Segundo chegou \u00e0 nossa reda\u00e7\u00e3o, 4 garotos com m\u00e9dia de 12 anos de idade tomavam Terer\u00e9 e batiam papo tranquilamente na Pra\u00e7a Rotary em Dracena, quando foram abordados por dois indiv\u00edduos que estavam em motos. Mediante amea\u00e7a com arma de fogo, levaram 4 celulares dos meninos que ficaram [&hellip;]<\/p>\n","protected":false},"author":1,"featured_media":6211,"comment_status":"closed","ping_status":"open","sticky":false,"template":"","format":"standard","meta":{"footnotes":""},"categories":[110,2],"tags":[],"class_list":["post-6206","post","type-post","status-publish","format-standard","has-post-thumbnail","hentry","category-noticiasdestaque","category-policial"],"_links":{"self":[{"href":"https:\/\/jorgezanoni.com.br\/2019\/wp-json\/wp\/v2\/posts\/6206","targetHints":{"allow":["GET"]}}],"collection":[{"href":"https:\/\/jorgezanoni.com.br\/2019\/wp-json\/wp\/v2\/posts"}],"about":[{"href":"https:\/\/jorgezanoni.com.br\/2019\/wp-json\/wp\/v2\/types\/post"}],"author":[{"embeddable":true,"href":"https:\/\/jorgezanoni.com.br\/2019\/wp-json\/wp\/v2\/users\/1"}],"replies":[{"embeddable":true,"href":"https:\/\/jorgezanoni.com.br\/2019\/wp-json\/wp\/v2\/comments?post=6206"}],"version-history":[{"count":0,"href":"https:\/\/jorgezanoni.com.br\/2019\/wp-json\/wp\/v2\/posts\/6206\/revisions"}],"wp:featuredmedia":[{"embeddable":true,"href":"https:\/\/jorgezanoni.com.br\/2019\/wp-json\/wp\/v2\/media\/6211"}],"wp:attachment":[{"href":"https:\/\/jorgezanoni.com.br\/2019\/wp-json\/wp\/v2\/media?parent=6206"}],"wp:term":[{"taxonomy":"category","embeddable":true,"href":"https:\/\/jorgezanoni.com.br\/2019\/wp-json\/wp\/v2\/categories?post=6206"},{"taxonomy":"post_tag","embeddable":true,"href":"https:\/\/jorgezanoni.com.br\/2019\/wp-json\/wp\/v2\/tags?post=6206"}],"curies":[{"name":"wp","href":"https:\/\/api.w.org\/{rel}","templated":true}]}}