{"id":62019,"date":"2022-04-08T00:41:03","date_gmt":"2022-04-08T00:41:03","guid":{"rendered":"https:\/\/jorgezanoni.com.br\/2019\/?p=62019"},"modified":"2022-04-08T00:41:03","modified_gmt":"2022-04-08T00:41:03","slug":"profissionais-liberais-de-dracena-estao-assustados-com-o-valor-do-iss-cobrado-este-ano","status":"publish","type":"post","link":"https:\/\/jorgezanoni.com.br\/2019\/profissionais-liberais-de-dracena-estao-assustados-com-o-valor-do-iss-cobrado-este-ano\/","title":{"rendered":"Profissionais Liberais de Dracena est\u00e3o assustados com o valor do ISS cobrado este ano"},"content":{"rendered":"<p style=\"text-align: justify;\">A APCD (Associa\u00e7\u00e3o Paulista de Cirurgi\u00f5es Dentistas), atrav\u00e9s de seu Presidente Dr. Cl\u00e1udio Roberto Cedroni e Diretoria, vem a publico mostrar o descontentamento do valor cobrado pela Prefeitura Municipal de Dracena, do ISS (Imposto Sobre Servi\u00e7os).<\/p>\n<p style=\"text-align: justify;\">Segundo eles, trata-se de aumento abusivo e est\u00e3o saindo em defesa da classe dos Profissionais Liberais, para que alguma provid\u00eancia seja tomada.<\/p>\n<p style=\"text-align: justify;\">A APCD de Dracena \u00e9 regional, atendendo os munic\u00edpios que compreendem de Osvaldo Cruz \u00e0 Panorama, e estar\u00e3o atentos aos valores cobrados por outras cidades.<\/p>\n<p style=\"text-align: justify;\">Para os profissionais, os valores foram taxados de estrondoso, apavorante e impactante.<\/p>\n<p style=\"text-align: justify;\">Diante disso querem fazer chegar ao conhecimento da popula\u00e7\u00e3o bem como de outras categorias de Profissionais Liberais, o descontentamento dos Cirurgi\u00f5es Dentistas de Dracena e regi\u00e3o.<\/p>\n<p style=\"text-align: justify;\">Pedem que, ainda em tempo, o executivo e legislativo municipal revejam a situa\u00e7\u00e3o e tomem alguma provid\u00eancia com valores mais acess\u00edveis.<\/p>\n<p style=\"text-align: justify;\">Jorge Zanoni<\/p>\n<p style=\"text-align: justify;\">Fonte: APCD<\/p>\n<p>&nbsp;<\/p>\n","protected":false},"excerpt":{"rendered":"<p>A APCD (Associa\u00e7\u00e3o Paulista de Cirurgi\u00f5es Dentistas), atrav\u00e9s de seu Presidente Dr. Cl\u00e1udio Roberto Cedroni e Diretoria, vem a publico mostrar o descontentamento do valor cobrado pela Prefeitura Municipal de Dracena, do ISS (Imposto Sobre Servi\u00e7os). Segundo eles, trata-se de aumento abusivo e est\u00e3o saindo em defesa da classe dos Profissionais Liberais, para que alguma [&hellip;]<\/p>\n","protected":false},"author":1,"featured_media":62020,"comment_status":"closed","ping_status":"open","sticky":false,"template":"","format":"standard","meta":{"footnotes":""},"categories":[179,184,110],"tags":[],"class_list":["post-62019","post","type-post","status-publish","format-standard","has-post-thumbnail","hentry","category-cidadeseregiao","category-dracena","category-noticiasdestaque"],"_links":{"self":[{"href":"https:\/\/jorgezanoni.com.br\/2019\/wp-json\/wp\/v2\/posts\/62019","targetHints":{"allow":["GET"]}}],"collection":[{"href":"https:\/\/jorgezanoni.com.br\/2019\/wp-json\/wp\/v2\/posts"}],"about":[{"href":"https:\/\/jorgezanoni.com.br\/2019\/wp-json\/wp\/v2\/types\/post"}],"author":[{"embeddable":true,"href":"https:\/\/jorgezanoni.com.br\/2019\/wp-json\/wp\/v2\/users\/1"}],"replies":[{"embeddable":true,"href":"https:\/\/jorgezanoni.com.br\/2019\/wp-json\/wp\/v2\/comments?post=62019"}],"version-history":[{"count":0,"href":"https:\/\/jorgezanoni.com.br\/2019\/wp-json\/wp\/v2\/posts\/62019\/revisions"}],"wp:featuredmedia":[{"embeddable":true,"href":"https:\/\/jorgezanoni.com.br\/2019\/wp-json\/wp\/v2\/media\/62020"}],"wp:attachment":[{"href":"https:\/\/jorgezanoni.com.br\/2019\/wp-json\/wp\/v2\/media?parent=62019"}],"wp:term":[{"taxonomy":"category","embeddable":true,"href":"https:\/\/jorgezanoni.com.br\/2019\/wp-json\/wp\/v2\/categories?post=62019"},{"taxonomy":"post_tag","embeddable":true,"href":"https:\/\/jorgezanoni.com.br\/2019\/wp-json\/wp\/v2\/tags?post=62019"}],"curies":[{"name":"wp","href":"https:\/\/api.w.org\/{rel}","templated":true}]}}