{"id":61995,"date":"2022-04-07T01:07:00","date_gmt":"2022-04-07T01:07:00","guid":{"rendered":"https:\/\/jorgezanoni.com.br\/2019\/?p=61995"},"modified":"2022-04-07T01:07:00","modified_gmt":"2022-04-07T01:07:00","slug":"educacao-cidadania-e-meio-ambiente-por-sergio-barbosa","status":"publish","type":"post","link":"https:\/\/jorgezanoni.com.br\/2019\/educacao-cidadania-e-meio-ambiente-por-sergio-barbosa\/","title":{"rendered":"Educa\u00e7\u00e3o, Cidadania e Meio Ambiente (por S\u00e9rgio Barbosa)"},"content":{"rendered":"<p style=\"text-align: justify;\"><strong>EDUCA\u00c7\u00c3O, CIDADANIA E MEIO AMBIENTE.<\/strong><em>\u00a0<\/em><\/p>\n<p style=\"text-align: justify;\"><em>\u201cTudo parece muito \u00f3bvio: se n\u00e3o houvesse esperan\u00e7a, n\u00e3o estar\u00edamos lutando. A esperan\u00e7a alimenta a alma e faz tudo parecer poss\u00edvel\u201d. (An\u00f4nimo)<\/em><\/p>\n<p style=\"text-align: justify;\"><strong><em>S\u00e9rgio Barbosa (*)<\/em><\/strong><\/p>\n<p style=\"text-align: justify;\">As sucessivas devasta\u00e7\u00f5es das florestas tropicais e suas implica\u00e7\u00f5es desvantajosas para a vida humana proporcionam a reflex\u00e3o te\u00f3rica e cr\u00edtica, cada vez mais, sobre a necessidade de sensibiliza\u00e7\u00e3o, conscientiza\u00e7\u00e3o e educa\u00e7\u00e3o comunit\u00e1ria referentes \u00e0s quest\u00f5es ambientais&#8230;<\/p>\n<p style=\"text-align: justify;\">No entanto, frente a uma realidade carente de informa\u00e7\u00f5es que contribuam para o desenvolvimento cultural e profissional do indiv\u00edduo&#8230;<\/p>\n<p style=\"text-align: justify;\">Deve-se procurar adequar um programa cultural\/educativo com foco na cidadania para um compromisso efetivo das pessoas envolvidas neste contexto plural para o Planeta Terra em tempo de p\u00f3s-globaliza\u00e7\u00e3o midi\u00e1tica na busca do acesso as informa\u00e7\u00f5es dos recursos dispon\u00edveis&#8230;<\/p>\n<p style=\"text-align: justify;\">Os resultados decorrentes da conjuntura mundial emergem a necessidade de conhecer e estudar os potenciais econ\u00f4micos \u201cglocal\u201d, ou seja, do global para o local para que posteriormente aconte\u00e7a uma contribui\u00e7\u00e3o e proje\u00e7\u00e3o das diferentes sociedades em n\u00edvel internacional&#8230;<\/p>\n<p style=\"text-align: justify;\"><strong>Homem e exist\u00eancia<\/strong><\/p>\n<p style=\"text-align: justify;\">A preocupa\u00e7\u00e3o em efetuar um projeto de divulga\u00e7\u00e3o comunit\u00e1ria neste cen\u00e1rio de preocupa\u00e7\u00e3o com o \u201cmeio ambiente\u201d por meio de a\u00e7\u00f5es diversas afins aos objetivos da proposta educacional&#8230;<\/p>\n<p style=\"text-align: justify;\">Tamb\u00e9m, do compromisso \u00e9tico com a cidadania, pode acontecer em duas \u00e1reas iniciais, a saber: projetos interdisciplinares visando estabelecer a implanta\u00e7\u00e3o de um experimento com ess\u00eancias nativas em conjunto com a comunidade, utilizando metodologias de divulga\u00e7\u00e3o midi\u00e1tica e cient\u00edfica&#8230;<\/p>\n<p style=\"text-align: justify;\">Frente ao r\u00e1pido avan\u00e7o da ci\u00eancia e tecnologia, o homem necessita ter conhecimento sobre aquilo que lhe diz respeito, desde o processo de conserva\u00e7\u00e3o dos alimentos at\u00e9 o destino das embalagens que os acondicionam, por exemplo&#8230;<\/p>\n<p style=\"text-align: justify;\">A necessidade deste conhecimento est\u00e1 relacionada com o homem e sua exist\u00eancia, ou seja, com a necessidade de dotar pessoas de informa\u00e7\u00f5es, que expliquem a raz\u00e3o dos fatos que acontecem no dia-a-dia, como o problema das enchentes, muitas vezes, decorrentes das mudan\u00e7as clim\u00e1ticas&#8230;<\/p>\n<p style=\"text-align: justify;\">A divulga\u00e7\u00e3o acad\u00eamica e cient\u00edfica, por meio dos processos de educa\u00e7\u00e3o ambiental, pode se transformar em um poderoso instrumento que torne as pessoas bem informadas, para desenvolverem seus direitos enquanto cidad\u00e3os&#8230;<\/p>\n<p style=\"text-align: justify;\">Desta forma, assumirem novas posturas com rela\u00e7\u00e3o ao meio ambiente, como a redu\u00e7\u00e3o do consumo de \u00e1gua e energia el\u00e9trica, a contribui\u00e7\u00e3o com a limpeza p\u00fablica, a separa\u00e7\u00e3o dos componentes recicl\u00e1veis contidos no lixo dom\u00e9stico&#8230;<\/p>\n<p style=\"text-align: justify;\">Ainda, entre outras a\u00e7\u00f5es que, para serem realizadas, dependem de um trabalho persistente, sensibilizador, conscientizador e o mais importante nestes processos, que a comunidade possa ser parte integrante dos procedimentos em pauta&#8230;<\/p>\n<p style=\"text-align: justify;\"><strong>Objetivos <\/strong><\/p>\n<p style=\"text-align: justify;\">Desenvolver junto \u00e0 comunidade em geral, a veicula\u00e7\u00e3o cient\u00edfica de um programa de educa\u00e7\u00e3o ambiental, fundamentado em informa\u00e7\u00f5es da implanta\u00e7\u00e3o de um experimento ambiental dos trabalhos desenvolvidos em institui\u00e7\u00f5es de pesquisas e acad\u00eamicas&#8230;<\/p>\n<p style=\"text-align: justify;\">Divulgar as pesquisas cient\u00edficas sobre o meio ambiente por meio de um programa de educa\u00e7\u00e3o ambiental, facilitando o acesso do \u201cp\u00fablico leigo\u201d \u00e0s informa\u00e7\u00f5es cient\u00edficas ou acad\u00eamicas&#8230;<\/p>\n<p style=\"text-align: justify;\">Sensibilizar e conscientizar os cidad\u00e3os quanto ao desenvolvimento de pr\u00e1ticas para a preserva\u00e7\u00e3o dos recursos naturais, ainda, preparar a comunidade para as pesquisas realizadas afins ao desenvolvimento econ\u00f4mico, \u00a0familiar ou comunit\u00e1rio.<\/p>\n<p style=\"text-align: justify;\"><em>_________________________________________<\/em><\/p>\n<p style=\"text-align: justify;\"><em>\u00a0\u00a0\u00a0\u00a0\u00a0\u00a0\u00a0\u00a0\u00a0\u00a0\u00a0\u00a0\u00a0\u00a0\u00a0\u00a0\u00a0\u00a0\u00a0\u00a0\u00a0\u00a0 (*) Jornalista diplomado, professor universit\u00e1rio e consultor na \u00e1rea de m\u00eddia organizacional.<\/em><\/p>\n<p style=\"text-align: justify;\"><em>e-mail: <\/em><a href=\"mailto:barbosa.sebar@gmail.com\"><em>barbosa.sebar@gmail.com<\/em><\/a><\/p>\n","protected":false},"excerpt":{"rendered":"<p>EDUCA\u00c7\u00c3O, CIDADANIA E MEIO AMBIENTE.\u00a0 \u201cTudo parece muito \u00f3bvio: se n\u00e3o houvesse esperan\u00e7a, n\u00e3o estar\u00edamos lutando. A esperan\u00e7a alimenta a alma e faz tudo parecer poss\u00edvel\u201d. (An\u00f4nimo) S\u00e9rgio Barbosa (*) As sucessivas devasta\u00e7\u00f5es das florestas tropicais e suas implica\u00e7\u00f5es desvantajosas para a vida humana proporcionam a reflex\u00e3o te\u00f3rica e cr\u00edtica, cada vez mais, sobre a [&hellip;]<\/p>\n","protected":false},"author":1,"featured_media":61996,"comment_status":"closed","ping_status":"open","sticky":false,"template":"","format":"standard","meta":{"footnotes":""},"categories":[175],"tags":[],"class_list":["post-61995","post","type-post","status-publish","format-standard","has-post-thumbnail","hentry","category-artigos"],"_links":{"self":[{"href":"https:\/\/jorgezanoni.com.br\/2019\/wp-json\/wp\/v2\/posts\/61995","targetHints":{"allow":["GET"]}}],"collection":[{"href":"https:\/\/jorgezanoni.com.br\/2019\/wp-json\/wp\/v2\/posts"}],"about":[{"href":"https:\/\/jorgezanoni.com.br\/2019\/wp-json\/wp\/v2\/types\/post"}],"author":[{"embeddable":true,"href":"https:\/\/jorgezanoni.com.br\/2019\/wp-json\/wp\/v2\/users\/1"}],"replies":[{"embeddable":true,"href":"https:\/\/jorgezanoni.com.br\/2019\/wp-json\/wp\/v2\/comments?post=61995"}],"version-history":[{"count":0,"href":"https:\/\/jorgezanoni.com.br\/2019\/wp-json\/wp\/v2\/posts\/61995\/revisions"}],"wp:featuredmedia":[{"embeddable":true,"href":"https:\/\/jorgezanoni.com.br\/2019\/wp-json\/wp\/v2\/media\/61996"}],"wp:attachment":[{"href":"https:\/\/jorgezanoni.com.br\/2019\/wp-json\/wp\/v2\/media?parent=61995"}],"wp:term":[{"taxonomy":"category","embeddable":true,"href":"https:\/\/jorgezanoni.com.br\/2019\/wp-json\/wp\/v2\/categories?post=61995"},{"taxonomy":"post_tag","embeddable":true,"href":"https:\/\/jorgezanoni.com.br\/2019\/wp-json\/wp\/v2\/tags?post=61995"}],"curies":[{"name":"wp","href":"https:\/\/api.w.org\/{rel}","templated":true}]}}