{"id":61962,"date":"2022-04-04T16:21:38","date_gmt":"2022-04-04T16:21:38","guid":{"rendered":"https:\/\/jorgezanoni.com.br\/2019\/?p=61962"},"modified":"2022-04-04T16:33:24","modified_gmt":"2022-04-04T16:33:24","slug":"van-tomba-na-sp-294-proximidades-do-trevo-das-duas-barras","status":"publish","type":"post","link":"https:\/\/jorgezanoni.com.br\/2019\/van-tomba-na-sp-294-proximidades-do-trevo-das-duas-barras\/","title":{"rendered":"Van tomba na SP-294, proximidades do trevo das Duas Barras"},"content":{"rendered":"<p style=\"text-align: justify;\">Por volta de 09:50 Horas desta segunda-feira (4), um ve\u00edculo Van de propriedade de uma rede de Supermercados, tombou na SP-294, Rodovia Comandante Jo\u00e3o Ribeiro de Barros, munic\u00edpio de Junqueir\u00f3polis<\/p>\n<p style=\"text-align: justify;\">Segundo informa\u00e7\u00f5es obtidas pela reportagem do Site JZ, o motorista sofreu ferimentos aparentemente leves.<\/p>\n<p><img loading=\"lazy\" decoding=\"async\" class=\"alignnone size-full wp-image-61963\" src=\"https:\/\/jorgezanoni.com.br\/2019\/wp-content\/uploads\/2022\/04\/van-2.jpg\" alt=\"\" width=\"693\" height=\"462\" srcset=\"https:\/\/jorgezanoni.com.br\/2019\/wp-content\/uploads\/2022\/04\/van-2.jpg 693w, https:\/\/jorgezanoni.com.br\/2019\/wp-content\/uploads\/2022\/04\/van-2-300x200.jpg 300w, https:\/\/jorgezanoni.com.br\/2019\/wp-content\/uploads\/2022\/04\/van-2-630x420.jpg 630w\" sizes=\"auto, (max-width: 693px) 100vw, 693px\" \/> <img loading=\"lazy\" decoding=\"async\" class=\"alignnone size-full wp-image-61965\" src=\"https:\/\/jorgezanoni.com.br\/2019\/wp-content\/uploads\/2022\/04\/van2-2.jpg\" alt=\"\" width=\"987\" height=\"711\" srcset=\"https:\/\/jorgezanoni.com.br\/2019\/wp-content\/uploads\/2022\/04\/van2-2.jpg 987w, https:\/\/jorgezanoni.com.br\/2019\/wp-content\/uploads\/2022\/04\/van2-2-300x216.jpg 300w, https:\/\/jorgezanoni.com.br\/2019\/wp-content\/uploads\/2022\/04\/van2-2-768x553.jpg 768w, https:\/\/jorgezanoni.com.br\/2019\/wp-content\/uploads\/2022\/04\/van2-2-696x501.jpg 696w, https:\/\/jorgezanoni.com.br\/2019\/wp-content\/uploads\/2022\/04\/van2-2-583x420.jpg 583w\" sizes=\"auto, (max-width: 987px) 100vw, 987px\" \/><\/p>\n<p>Jorge Zanoni<\/p>\n<p>Fotos de Internauta.<\/p>\n","protected":false},"excerpt":{"rendered":"<p>Por volta de 09:50 Horas desta segunda-feira (4), um ve\u00edculo Van de propriedade de uma rede de Supermercados, tombou na SP-294, Rodovia Comandante Jo\u00e3o Ribeiro de Barros, munic\u00edpio de Junqueir\u00f3polis Segundo informa\u00e7\u00f5es obtidas pela reportagem do Site JZ, o motorista sofreu ferimentos aparentemente leves. Jorge Zanoni Fotos de Internauta.<\/p>\n","protected":false},"author":1,"featured_media":61964,"comment_status":"closed","ping_status":"open","sticky":false,"template":"","format":"standard","meta":{"footnotes":""},"categories":[170,110],"tags":[],"class_list":["post-61962","post","type-post","status-publish","format-standard","has-post-thumbnail","hentry","category-acidentes","category-noticiasdestaque"],"_links":{"self":[{"href":"https:\/\/jorgezanoni.com.br\/2019\/wp-json\/wp\/v2\/posts\/61962","targetHints":{"allow":["GET"]}}],"collection":[{"href":"https:\/\/jorgezanoni.com.br\/2019\/wp-json\/wp\/v2\/posts"}],"about":[{"href":"https:\/\/jorgezanoni.com.br\/2019\/wp-json\/wp\/v2\/types\/post"}],"author":[{"embeddable":true,"href":"https:\/\/jorgezanoni.com.br\/2019\/wp-json\/wp\/v2\/users\/1"}],"replies":[{"embeddable":true,"href":"https:\/\/jorgezanoni.com.br\/2019\/wp-json\/wp\/v2\/comments?post=61962"}],"version-history":[{"count":0,"href":"https:\/\/jorgezanoni.com.br\/2019\/wp-json\/wp\/v2\/posts\/61962\/revisions"}],"wp:featuredmedia":[{"embeddable":true,"href":"https:\/\/jorgezanoni.com.br\/2019\/wp-json\/wp\/v2\/media\/61964"}],"wp:attachment":[{"href":"https:\/\/jorgezanoni.com.br\/2019\/wp-json\/wp\/v2\/media?parent=61962"}],"wp:term":[{"taxonomy":"category","embeddable":true,"href":"https:\/\/jorgezanoni.com.br\/2019\/wp-json\/wp\/v2\/categories?post=61962"},{"taxonomy":"post_tag","embeddable":true,"href":"https:\/\/jorgezanoni.com.br\/2019\/wp-json\/wp\/v2\/tags?post=61962"}],"curies":[{"name":"wp","href":"https:\/\/api.w.org\/{rel}","templated":true}]}}