{"id":61862,"date":"2022-04-01T16:11:59","date_gmt":"2022-04-01T16:11:59","guid":{"rendered":"https:\/\/jorgezanoni.com.br\/2019\/?p=61862"},"modified":"2022-04-01T16:11:59","modified_gmt":"2022-04-01T16:11:59","slug":"policia-civil-investiga-morte-de-homem-encontrado-em-canavial-em-panorama","status":"publish","type":"post","link":"https:\/\/jorgezanoni.com.br\/2019\/policia-civil-investiga-morte-de-homem-encontrado-em-canavial-em-panorama\/","title":{"rendered":"Pol\u00edcia Civil investiga morte de homem encontrado em canavial, em Panorama"},"content":{"rendered":"<h2 class=\"content-head__subtitle\" style=\"text-align: justify;\"><strong>Corpo foi visto por um motociclista que passava pela estrada vicinal que liga o munic\u00edpio a Ouro Verde (SP), na manh\u00e3 desta sexta-feira (1\u00ba).<\/strong><\/h2>\n<div class=\"mc-column content-text active-extra-styles \" data-block-type=\"unstyled\" data-block-weight=\"37\" data-block-id=\"2\">\n<p class=\"content-text__container \" style=\"text-align: justify;\" data-track-category=\"Link no Texto\" data-track-links=\"\">A Pol\u00edcia Civil investiga a morte de um homem, de 34 anos, encontrado na manh\u00e3 desta sexta-feira (1\u00ba) em um canavial, em uma Estrada Vicinal, que liga os munic\u00edpios de\u00a0<a href=\"https:\/\/g1.globo.com\/sp\/presidente-prudente-regiao\/cidade\/ouro-verde-sp\/\">Ouro Verde<\/a>\u00a0(SP) e\u00a0<a href=\"https:\/\/g1.globo.com\/sp\/presidente-prudente-regiao\/cidade\/panorama\/\">Panorama<\/a>\u00a0(SP).<\/p>\n<\/div>\n<div class=\"wall protected-content\">\n<div class=\"mc-column content-text active-extra-styles \" style=\"text-align: justify;\" data-block-type=\"unstyled\" data-block-weight=\"33\" data-block-id=\"3\">\n<p class=\"content-text__container \" data-track-category=\"Link no Texto\" data-track-links=\"\">De acordo com informa\u00e7\u00f5es da Pol\u00edcia Militar, o corpo foi localizado por um motociclista que passou pelo local, por volta das 8h. O corpo estava beirando a pista. A per\u00edcia t\u00e9cnica foi acionada.<\/p>\n<\/div>\n<div class=\"mc-column content-text active-extra-styles \" data-block-type=\"unstyled\" data-block-weight=\"38\" data-block-id=\"4\">\n<p class=\"content-text__container \" style=\"text-align: justify;\" data-track-category=\"Link no Texto\" data-track-links=\"\">A Pol\u00edcia Civil suspeita que o crime tenha ocorrido em outro local por causa da quantidade de sangue na \u00e1rea e o sinais de movimenta\u00e7\u00e3o. O canavial pode ter sido usado somente como ponto para abandonar o corpo.<\/p>\n<div class=\"mc-column content-text active-extra-styles \" style=\"text-align: justify;\" data-block-type=\"unstyled\" data-block-weight=\"20\" data-block-id=\"6\">\n<p class=\"content-text__container \" data-track-category=\"Link no Texto\" data-track-links=\"\">Ainda conforme a corpora\u00e7\u00e3o, a v\u00edtima foi identificada como Andr\u00e9 Lu\u00eds figueira, de 34 anos, morador de\u00a0<a href=\"https:\/\/g1.globo.com\/sp\/presidente-prudente-regiao\/cidade\/ouro-verde-sp\/\">Ouro Verde<\/a>\u00a0(SP).<\/p>\n<\/div>\n<div class=\"mc-column content-text active-extra-styles \" style=\"text-align: justify;\" data-block-type=\"unstyled\" data-block-weight=\"20\" data-block-id=\"7\">\n<p class=\"content-text__container \" data-track-category=\"Link no Texto\" data-track-links=\"\">A fam\u00edlia teria informado para a pol\u00edcia que o homem saiu na tarde desta quinta-feira (31) e nao havia retornado.<\/p>\n<\/div>\n<div class=\"mc-column content-text active-extra-styles \" style=\"text-align: justify;\" data-block-type=\"unstyled\" data-block-weight=\"33\" data-block-id=\"8\">\n<p class=\"content-text__container \" data-track-category=\"Link no Texto\" data-track-links=\"\">Foi informado tamb\u00e9m que ele j\u00e1 havia sido preso por tr\u00e1fico de drogas, era usu\u00e1rio de entorpecentes e havia fugido no \u00faltimo dia 25 de uma associa\u00e7\u00e3o, onde estava internado compulsoriamente em tratamento.<\/p>\n<\/div>\n<div class=\"mc-column content-text active-extra-styles \" data-block-type=\"unstyled\" data-block-weight=\"40\" data-block-id=\"9\">\n<p class=\"content-text__container \" style=\"text-align: justify;\" data-track-category=\"Link no Texto\" data-track-links=\"\">A Pol\u00edcia Civil trabalha com v\u00e1rias linhas de investiga\u00e7\u00e3o para identificar o autor do crime. Tamb\u00e9m de acordo com a corpora\u00e7\u00e3o, pela quantidade de golpes feitos por arma branca, provavelmente um fac\u00e3o, o homem pode ter sido morto por vingan\u00e7a.<\/p>\n<\/div>\n<div class=\"row medium-uncollapsed content-media content-photo\" data-block-type=\"backstage-photo\" data-block-id=\"10\">\n<div class=\"mc-column content-media__container\">\n<div class=\"content-media-container glb-skeleton-box\">\n<figure class=\"content-media-figure\"><img decoding=\"async\" class=\"i-amphtml-fill-content i-amphtml-replaced-content\" src=\"https:\/\/s2.glbimg.com\/1TereKzlRCH-JV35RO7nP2ScmMg=\/0x0:1024x768\/984x0\/smart\/filters:strip_icc()\/i.s3.glbimg.com\/v1\/AUTH_59edd422c0c84a879bd37670ae4f538a\/internal_photos\/bs\/2022\/4\/2\/DG0JFHTSer6TKLCXNbVQ\/whatsapp-image-2022-04-01-at-10.02.51.jpeg\" sizes=\"(max-width: 1366px) 648px, 100vw\" srcset=\"https:\/\/s2.glbimg.com\/VRfUn4NLkffQ5ZNyPIjmqMMq7Qc=\/0x0:1024x768\/1000x0\/smart\/filters:strip_icc()\/i.s3.glbimg.com\/v1\/AUTH_59edd422c0c84a879bd37670ae4f538a\/internal_photos\/bs\/2022\/4\/2\/DG0JFHTSer6TKLCXNbVQ\/whatsapp-image-2022-04-01-at-10.02.51.jpeg 1000w, https:\/\/s2.glbimg.com\/1TereKzlRCH-JV35RO7nP2ScmMg=\/0x0:1024x768\/984x0\/smart\/filters:strip_icc()\/i.s3.glbimg.com\/v1\/AUTH_59edd422c0c84a879bd37670ae4f538a\/internal_photos\/bs\/2022\/4\/2\/DG0JFHTSer6TKLCXNbVQ\/whatsapp-image-2022-04-01-at-10.02.51.jpeg 984w, https:\/\/s2.glbimg.com\/BtXYEC2uvRYo3jx5dFdItfn_nEM=\/0x0:1024x768\/640x0\/smart\/filters:strip_icc()\/i.s3.glbimg.com\/v1\/AUTH_59edd422c0c84a879bd37670ae4f538a\/internal_photos\/bs\/2022\/4\/2\/DG0JFHTSer6TKLCXNbVQ\/whatsapp-image-2022-04-01-at-10.02.51.jpeg 640w, https:\/\/s2.glbimg.com\/CNikyaI0V_Ttogw_7ig_3Ic8e9E=\/0x0:1024x768\/600x0\/smart\/filters:strip_icc()\/i.s3.glbimg.com\/v1\/AUTH_59edd422c0c84a879bd37670ae4f538a\/internal_photos\/bs\/2022\/4\/2\/DG0JFHTSer6TKLCXNbVQ\/whatsapp-image-2022-04-01-at-10.02.51.jpeg 600w\" alt=\"Homem \u00e9 encontrado morto em canavial \u2014 Foto: Mariane Santos\/TV Fronteira \" \/><\/figure>\n<\/div>\n<p class=\"content-media__description \">Homem \u00e9 encontrado morto em canavial \u2014 Foto: Mariane Santos\/TV Fronteira<\/p>\n<div class=\"row medium-uncollapsed content-media content-photo\" data-block-type=\"backstage-photo\" data-block-id=\"12\">\n<div class=\"mc-column content-media__container\">\n<div class=\"content-media-container glb-skeleton-box\">\n<figure class=\"content-media-figure\"><img decoding=\"async\" class=\"i-amphtml-fill-content i-amphtml-replaced-content\" src=\"https:\/\/s2.glbimg.com\/W1usfiIFmdKqVm0MFYXJaKAaKbI=\/0x0:1024x768\/984x0\/smart\/filters:strip_icc()\/i.s3.glbimg.com\/v1\/AUTH_59edd422c0c84a879bd37670ae4f538a\/internal_photos\/bs\/2022\/q\/y\/mrCwpCSfiusXyB10ZuQA\/whatsapp-image-2022-04-01-at-09.58.40-1-.jpeg\" sizes=\"(max-width: 1366px) 648px, 100vw\" srcset=\"https:\/\/s2.glbimg.com\/uZC3Rrr-XKpYalnlOY4LcSHhOE0=\/0x0:1024x768\/1000x0\/smart\/filters:strip_icc()\/i.s3.glbimg.com\/v1\/AUTH_59edd422c0c84a879bd37670ae4f538a\/internal_photos\/bs\/2022\/q\/y\/mrCwpCSfiusXyB10ZuQA\/whatsapp-image-2022-04-01-at-09.58.40-1-.jpeg 1000w, https:\/\/s2.glbimg.com\/W1usfiIFmdKqVm0MFYXJaKAaKbI=\/0x0:1024x768\/984x0\/smart\/filters:strip_icc()\/i.s3.glbimg.com\/v1\/AUTH_59edd422c0c84a879bd37670ae4f538a\/internal_photos\/bs\/2022\/q\/y\/mrCwpCSfiusXyB10ZuQA\/whatsapp-image-2022-04-01-at-09.58.40-1-.jpeg 984w, https:\/\/s2.glbimg.com\/GPiDTblZ56sH8MxhNkBPmNfaziw=\/0x0:1024x768\/640x0\/smart\/filters:strip_icc()\/i.s3.glbimg.com\/v1\/AUTH_59edd422c0c84a879bd37670ae4f538a\/internal_photos\/bs\/2022\/q\/y\/mrCwpCSfiusXyB10ZuQA\/whatsapp-image-2022-04-01-at-09.58.40-1-.jpeg 640w, https:\/\/s2.glbimg.com\/lxhX6KDQUxNEhLXkY6t6qHEaOjs=\/0x0:1024x768\/600x0\/smart\/filters:strip_icc()\/i.s3.glbimg.com\/v1\/AUTH_59edd422c0c84a879bd37670ae4f538a\/internal_photos\/bs\/2022\/q\/y\/mrCwpCSfiusXyB10ZuQA\/whatsapp-image-2022-04-01-at-09.58.40-1-.jpeg 600w\" alt=\"Homem \u00e9 encontrado morto em canavial \u2014 Foto: Mariane Santos\/TV Fronteira \" \/><\/figure>\n<\/div>\n<p class=\"content-media__description \">Homem \u00e9 encontrado morto em canavial \u2014 Foto: Mariane Santos\/TV Fronteira<\/p>\n<\/div>\n<\/div>\n<div class=\"row medium-uncollapsed content-media content-photo\" data-block-type=\"backstage-photo\" data-block-id=\"13\">\n<div class=\"mc-column content-media__container\">\n<div class=\"content-media-container glb-skeleton-box\">\n<figure class=\"content-media-figure\"><img decoding=\"async\" class=\"i-amphtml-fill-content i-amphtml-replaced-content\" src=\"https:\/\/s2.glbimg.com\/AkYQqDNhq608HxpyCmahfaQkjgs=\/0x0:1024x768\/984x0\/smart\/filters:strip_icc()\/i.s3.glbimg.com\/v1\/AUTH_59edd422c0c84a879bd37670ae4f538a\/internal_photos\/bs\/2022\/E\/T\/1DB4rhSWK0wevPTABhMg\/whatsapp-image-2022-04-01-at-09.58.40.jpeg\" sizes=\"(max-width: 1366px) 648px, 100vw\" srcset=\"https:\/\/s2.glbimg.com\/YdYpKHvANftITtGDUhMzdxURUcE=\/0x0:1024x768\/1000x0\/smart\/filters:strip_icc()\/i.s3.glbimg.com\/v1\/AUTH_59edd422c0c84a879bd37670ae4f538a\/internal_photos\/bs\/2022\/E\/T\/1DB4rhSWK0wevPTABhMg\/whatsapp-image-2022-04-01-at-09.58.40.jpeg 1000w, https:\/\/s2.glbimg.com\/AkYQqDNhq608HxpyCmahfaQkjgs=\/0x0:1024x768\/984x0\/smart\/filters:strip_icc()\/i.s3.glbimg.com\/v1\/AUTH_59edd422c0c84a879bd37670ae4f538a\/internal_photos\/bs\/2022\/E\/T\/1DB4rhSWK0wevPTABhMg\/whatsapp-image-2022-04-01-at-09.58.40.jpeg 984w, https:\/\/s2.glbimg.com\/pNP29OYYjcBIyB794VSyKnILvq8=\/0x0:1024x768\/640x0\/smart\/filters:strip_icc()\/i.s3.glbimg.com\/v1\/AUTH_59edd422c0c84a879bd37670ae4f538a\/internal_photos\/bs\/2022\/E\/T\/1DB4rhSWK0wevPTABhMg\/whatsapp-image-2022-04-01-at-09.58.40.jpeg 640w, https:\/\/s2.glbimg.com\/_lYqvb4PqLco_A_KTAVuESiKNY8=\/0x0:1024x768\/600x0\/smart\/filters:strip_icc()\/i.s3.glbimg.com\/v1\/AUTH_59edd422c0c84a879bd37670ae4f538a\/internal_photos\/bs\/2022\/E\/T\/1DB4rhSWK0wevPTABhMg\/whatsapp-image-2022-04-01-at-09.58.40.jpeg 600w\" alt=\"Homem \u00e9 encontrado morto em canavial \u2014 Foto: Mariane Santos\/TV Fronteira \" \/><\/figure>\n<\/div>\n<p class=\"content-media__description \">Homem \u00e9 encontrado morto em canavial \u2014 Foto: Mariane Santos\/TV Fronteira<\/p>\n<div class=\"content-media-container glb-skeleton-box\">\n<figure class=\"content-media-figure\"><img decoding=\"async\" class=\"i-amphtml-fill-content i-amphtml-replaced-content\" src=\"https:\/\/s2.glbimg.com\/tSB0gHm2dMVvUtGBOPdM4bysla4=\/0x0:1024x768\/984x0\/smart\/filters:strip_icc()\/i.s3.glbimg.com\/v1\/AUTH_59edd422c0c84a879bd37670ae4f538a\/internal_photos\/bs\/2022\/Z\/w\/7HkdppRiWiNxjjOEDSVA\/whatsapp-image-2022-04-01-at-09.58.39.jpeg\" sizes=\"(max-width: 1366px) 648px, 100vw\" srcset=\"https:\/\/s2.glbimg.com\/2aqZIx2D2lOaYnvd8rcQpAqhGLM=\/0x0:1024x768\/1000x0\/smart\/filters:strip_icc()\/i.s3.glbimg.com\/v1\/AUTH_59edd422c0c84a879bd37670ae4f538a\/internal_photos\/bs\/2022\/Z\/w\/7HkdppRiWiNxjjOEDSVA\/whatsapp-image-2022-04-01-at-09.58.39.jpeg 1000w, https:\/\/s2.glbimg.com\/tSB0gHm2dMVvUtGBOPdM4bysla4=\/0x0:1024x768\/984x0\/smart\/filters:strip_icc()\/i.s3.glbimg.com\/v1\/AUTH_59edd422c0c84a879bd37670ae4f538a\/internal_photos\/bs\/2022\/Z\/w\/7HkdppRiWiNxjjOEDSVA\/whatsapp-image-2022-04-01-at-09.58.39.jpeg 984w, https:\/\/s2.glbimg.com\/UngSYreFPVN4mvsvE-7-R6Cc-OQ=\/0x0:1024x768\/640x0\/smart\/filters:strip_icc()\/i.s3.glbimg.com\/v1\/AUTH_59edd422c0c84a879bd37670ae4f538a\/internal_photos\/bs\/2022\/Z\/w\/7HkdppRiWiNxjjOEDSVA\/whatsapp-image-2022-04-01-at-09.58.39.jpeg 640w, https:\/\/s2.glbimg.com\/DpfywConBNAiIRKGYDigaVSP6do=\/0x0:1024x768\/600x0\/smart\/filters:strip_icc()\/i.s3.glbimg.com\/v1\/AUTH_59edd422c0c84a879bd37670ae4f538a\/internal_photos\/bs\/2022\/Z\/w\/7HkdppRiWiNxjjOEDSVA\/whatsapp-image-2022-04-01-at-09.58.39.jpeg 600w\" alt=\"Homem \u00e9 encontrado morto em canavial \u2014 Foto: Mariane Santos\/TV Fronteira \" \/><\/figure>\n<\/div>\n<p class=\"content-media__description \">Homem \u00e9 encontrado morto em canavial \u2014 Foto: Mariane Santos\/TV Fronteira<\/p>\n<p>Fonte: G1<\/p>\n<p>Foto capa redes sociais<\/p>\n<\/div>\n<\/div>\n<\/div>\n<\/div>\n<\/div>\n<\/div>\n","protected":false},"excerpt":{"rendered":"<p>Corpo foi visto por um motociclista que passava pela estrada vicinal que liga o munic\u00edpio a Ouro Verde (SP), na manh\u00e3 desta sexta-feira (1\u00ba). A Pol\u00edcia Civil investiga a morte de um homem, de 34 anos, encontrado na manh\u00e3 desta sexta-feira (1\u00ba) em um canavial, em uma Estrada Vicinal, que liga os munic\u00edpios de\u00a0Ouro Verde\u00a0(SP) [&hellip;]<\/p>\n","protected":false},"author":1,"featured_media":61863,"comment_status":"closed","ping_status":"open","sticky":false,"template":"","format":"standard","meta":{"footnotes":""},"categories":[110,2],"tags":[],"class_list":["post-61862","post","type-post","status-publish","format-standard","has-post-thumbnail","hentry","category-noticiasdestaque","category-policial"],"_links":{"self":[{"href":"https:\/\/jorgezanoni.com.br\/2019\/wp-json\/wp\/v2\/posts\/61862","targetHints":{"allow":["GET"]}}],"collection":[{"href":"https:\/\/jorgezanoni.com.br\/2019\/wp-json\/wp\/v2\/posts"}],"about":[{"href":"https:\/\/jorgezanoni.com.br\/2019\/wp-json\/wp\/v2\/types\/post"}],"author":[{"embeddable":true,"href":"https:\/\/jorgezanoni.com.br\/2019\/wp-json\/wp\/v2\/users\/1"}],"replies":[{"embeddable":true,"href":"https:\/\/jorgezanoni.com.br\/2019\/wp-json\/wp\/v2\/comments?post=61862"}],"version-history":[{"count":0,"href":"https:\/\/jorgezanoni.com.br\/2019\/wp-json\/wp\/v2\/posts\/61862\/revisions"}],"wp:featuredmedia":[{"embeddable":true,"href":"https:\/\/jorgezanoni.com.br\/2019\/wp-json\/wp\/v2\/media\/61863"}],"wp:attachment":[{"href":"https:\/\/jorgezanoni.com.br\/2019\/wp-json\/wp\/v2\/media?parent=61862"}],"wp:term":[{"taxonomy":"category","embeddable":true,"href":"https:\/\/jorgezanoni.com.br\/2019\/wp-json\/wp\/v2\/categories?post=61862"},{"taxonomy":"post_tag","embeddable":true,"href":"https:\/\/jorgezanoni.com.br\/2019\/wp-json\/wp\/v2\/tags?post=61862"}],"curies":[{"name":"wp","href":"https:\/\/api.w.org\/{rel}","templated":true}]}}