{"id":61857,"date":"2022-04-01T15:43:11","date_gmt":"2022-04-01T15:43:11","guid":{"rendered":"https:\/\/jorgezanoni.com.br\/2019\/?p=61857"},"modified":"2022-04-01T15:45:05","modified_gmt":"2022-04-01T15:45:05","slug":"direcao-da-fundec-e-da-unifadra-visitam-a-santa-casa-de-ourinhos","status":"publish","type":"post","link":"https:\/\/jorgezanoni.com.br\/2019\/direcao-da-fundec-e-da-unifadra-visitam-a-santa-casa-de-ourinhos\/","title":{"rendered":"Dire\u00e7\u00e3o da Fundec e da Unifadra visitam a Santa Casa de Ourinhos"},"content":{"rendered":"<div dir=\"ltr\" style=\"text-align: justify;\">\n<p><span style=\"font-size: large;\">No dia 18 de mar\u00e7o, representantes da Fundec e da Unifadra de Dracena estiveram na Santa Casa de Ourinhos para conhecer a estrutura do hospital. Durante o encontro, al\u00e9m de visitar as instala\u00e7\u00f5es, o grupo tratou de assuntos relacionados aos est\u00e1gios optativos de internato para os alunos de Medicina da Unifadra.<\/span><\/p>\n<p><span style=\"font-size: large;\">O diretor executivo da Fundec Edson Kai e o secret\u00e1rio assistente Fernando Nunes, junto com o diretor acad\u00eamico da Unifadra\u00a0<\/span>Prof. Dr.<span style=\"font-size: large;\">\u00a0Enio Garbelini e com a coordenadora do curso de Medicina Profa.\u00a0<\/span>Dra.<span style=\"font-size: large;\">\u00a0Marilda Morgado de Abreu, foram recebidos no local pelo conselheiro fiscal Vagner Breve, pelo administrador Fernando Abreu, pelo diretor t\u00e9cnico Dr. Paulo Novita e pelo respons\u00e1vel do DECS (Departamento de Educa\u00e7\u00e3o Continuada) Eduardo Gil.<\/span><\/p>\n<p><span style=\"font-size: large;\">Enio Garbelini destacou que &#8220;a Santa Casa de Ourinhos possui uma excelente estrutura e, havendo a formaliza\u00e7\u00e3o de uma coopera\u00e7\u00e3o para a realiza\u00e7\u00e3o de atividades de est\u00e1gio optativo, isso fortalecer\u00e1 ainda mais a forma\u00e7\u00e3o de nossos alunos&#8221;.<\/span><\/p>\n<p><span style=\"font-size: large;\">Marilda Morgado de Abreu ressaltou que a Santa Casa de Ourinhos j\u00e1 est\u00e1 estruturada para receber os acad\u00eamicos de Medicina, pois, al\u00e9m de possuir estrutura f\u00edsica e tecnol\u00f3gica de ponta, j\u00e1 possui programas de resid\u00eancia m\u00e9dica em v\u00e1rias \u00e1reas, sendo portanto um poss\u00edvel campo de est\u00e1gio para os alunos do curso de Medicina da Unifadra.<\/span><\/p>\n<\/div>\n<div dir=\"ltr\" style=\"text-align: justify;\"><span style=\"font-size: large;\"><br \/>\n&#8220;O est\u00e1gio optativo \u00e9 um momento em que o acad\u00eamico pode vivenciar variadas experi\u00eancias em diferentes hospitais. Tenho a certeza de que, concretizando o conv\u00eanio entre o hospital de Ourinhos e a Unifadra, os nossos acad\u00eamicos ter\u00e3o uma oportunidade \u00edmpar de aprimorar seus conhecimentos nos diversos cen\u00e1rios de pr\u00e1ticas que o hospital tem a oferecer&#8221;, finaliza a coordenadora.<\/span><span style=\"font-size: large;\">A Santa Casa de Ourinhos \u00e9 uma institui\u00e7\u00e3o de sa\u00fade de refer\u00eancia, configura na lista dos 50 melhores hospitais do pa\u00eds e est\u00e1 consolidando a cada ano seu perfil de hospital de ensino de excel\u00eancia. O hospital possui v\u00e1rias \u00e1reas m\u00e9dicas de m\u00e9dia e alta complexidade, al\u00e9m das resid\u00eancias nas \u00e1reas de Ortopedia, Cl\u00ednica M\u00e9dica e Cirurgia. Conta tamb\u00e9m com um curso pr\u00f3prio de T\u00e9cnico em Enfermagem e tem toda a estrutura necess\u00e1ria para receber os estudantes de Medicina.<\/span><\/p>\n<\/div>\n<div dir=\"ltr\"><\/div>\n<div dir=\"ltr\">Fonte: Depto. Comunica\u00e7\u00e3o Fundec<\/div>\n","protected":false},"excerpt":{"rendered":"<p>No dia 18 de mar\u00e7o, representantes da Fundec e da Unifadra de Dracena estiveram na Santa Casa de Ourinhos para conhecer a estrutura do hospital. Durante o encontro, al\u00e9m de visitar as instala\u00e7\u00f5es, o grupo tratou de assuntos relacionados aos est\u00e1gios optativos de internato para os alunos de Medicina da Unifadra. O diretor executivo da [&hellip;]<\/p>\n","protected":false},"author":1,"featured_media":61858,"comment_status":"closed","ping_status":"open","sticky":false,"template":"","format":"standard","meta":{"footnotes":""},"categories":[110,122],"tags":[],"class_list":["post-61857","post","type-post","status-publish","format-standard","has-post-thumbnail","hentry","category-noticiasdestaque","category-saudeeducacaoeconcurso"],"_links":{"self":[{"href":"https:\/\/jorgezanoni.com.br\/2019\/wp-json\/wp\/v2\/posts\/61857","targetHints":{"allow":["GET"]}}],"collection":[{"href":"https:\/\/jorgezanoni.com.br\/2019\/wp-json\/wp\/v2\/posts"}],"about":[{"href":"https:\/\/jorgezanoni.com.br\/2019\/wp-json\/wp\/v2\/types\/post"}],"author":[{"embeddable":true,"href":"https:\/\/jorgezanoni.com.br\/2019\/wp-json\/wp\/v2\/users\/1"}],"replies":[{"embeddable":true,"href":"https:\/\/jorgezanoni.com.br\/2019\/wp-json\/wp\/v2\/comments?post=61857"}],"version-history":[{"count":0,"href":"https:\/\/jorgezanoni.com.br\/2019\/wp-json\/wp\/v2\/posts\/61857\/revisions"}],"wp:featuredmedia":[{"embeddable":true,"href":"https:\/\/jorgezanoni.com.br\/2019\/wp-json\/wp\/v2\/media\/61858"}],"wp:attachment":[{"href":"https:\/\/jorgezanoni.com.br\/2019\/wp-json\/wp\/v2\/media?parent=61857"}],"wp:term":[{"taxonomy":"category","embeddable":true,"href":"https:\/\/jorgezanoni.com.br\/2019\/wp-json\/wp\/v2\/categories?post=61857"},{"taxonomy":"post_tag","embeddable":true,"href":"https:\/\/jorgezanoni.com.br\/2019\/wp-json\/wp\/v2\/tags?post=61857"}],"curies":[{"name":"wp","href":"https:\/\/api.w.org\/{rel}","templated":true}]}}