{"id":61813,"date":"2022-03-31T18:35:28","date_gmt":"2022-03-31T18:35:28","guid":{"rendered":"https:\/\/jorgezanoni.com.br\/2019\/?p=61813"},"modified":"2022-03-31T18:35:28","modified_gmt":"2022-03-31T18:35:28","slug":"unimed-e-laboratorio-mastellini-formalizam-parceria-para-coleta-de-sangue","status":"publish","type":"post","link":"https:\/\/jorgezanoni.com.br\/2019\/unimed-e-laboratorio-mastellini-formalizam-parceria-para-coleta-de-sangue\/","title":{"rendered":"Unimed e Laborat\u00f3rio Mastellini formalizam parceria para coleta de Sangue"},"content":{"rendered":"<p style=\"text-align: justify;\"><strong>O atendimento vai acontecer diariamente todos os dias da semana, exclusivamente para clientes Unimed.<\/strong><\/p>\n<p style=\"text-align: justify;\">A Unimed Dracena convida seus cooperados a conhecerem as instala\u00e7\u00f5es do Laborat\u00f3rio Unimed localizado no Pronto Atendimento, em parceria com o Laborat\u00f3rio Mastellini.<\/p>\n<p style=\"text-align: justify;\">Contamos com a presen\u00e7a de todos no caf\u00e9 da manh\u00e3 que ser\u00e1 servido das 7:30 \u00e0s 9:00 horas, no dia 02\/04 s\u00e1bado.<\/p>\n<p><img loading=\"lazy\" decoding=\"async\" class=\"alignnone size-full wp-image-61814\" src=\"https:\/\/jorgezanoni.com.br\/2019\/wp-content\/uploads\/2022\/03\/jader-2.jpg\" alt=\"\" width=\"1200\" height=\"1600\" srcset=\"https:\/\/jorgezanoni.com.br\/2019\/wp-content\/uploads\/2022\/03\/jader-2.jpg 1200w, https:\/\/jorgezanoni.com.br\/2019\/wp-content\/uploads\/2022\/03\/jader-2-225x300.jpg 225w, https:\/\/jorgezanoni.com.br\/2019\/wp-content\/uploads\/2022\/03\/jader-2-768x1024.jpg 768w, https:\/\/jorgezanoni.com.br\/2019\/wp-content\/uploads\/2022\/03\/jader-2-1152x1536.jpg 1152w, https:\/\/jorgezanoni.com.br\/2019\/wp-content\/uploads\/2022\/03\/jader-2-696x928.jpg 696w, https:\/\/jorgezanoni.com.br\/2019\/wp-content\/uploads\/2022\/03\/jader-2-1068x1424.jpg 1068w, https:\/\/jorgezanoni.com.br\/2019\/wp-content\/uploads\/2022\/03\/jader-2-315x420.jpg 315w\" sizes=\"auto, (max-width: 1200px) 100vw, 1200px\" \/><\/p>\n<p style=\"text-align: justify;\">Unimed e Laborat\u00f3rio Mastellini<\/p>\n","protected":false},"excerpt":{"rendered":"<p>O atendimento vai acontecer diariamente todos os dias da semana, exclusivamente para clientes Unimed. A Unimed Dracena convida seus cooperados a conhecerem as instala\u00e7\u00f5es do Laborat\u00f3rio Unimed localizado no Pronto Atendimento, em parceria com o Laborat\u00f3rio Mastellini. Contamos com a presen\u00e7a de todos no caf\u00e9 da manh\u00e3 que ser\u00e1 servido das 7:30 \u00e0s 9:00 horas, [&hellip;]<\/p>\n","protected":false},"author":1,"featured_media":61815,"comment_status":"closed","ping_status":"open","sticky":false,"template":"","format":"standard","meta":{"footnotes":""},"categories":[110,122],"tags":[],"class_list":["post-61813","post","type-post","status-publish","format-standard","has-post-thumbnail","hentry","category-noticiasdestaque","category-saudeeducacaoeconcurso"],"_links":{"self":[{"href":"https:\/\/jorgezanoni.com.br\/2019\/wp-json\/wp\/v2\/posts\/61813","targetHints":{"allow":["GET"]}}],"collection":[{"href":"https:\/\/jorgezanoni.com.br\/2019\/wp-json\/wp\/v2\/posts"}],"about":[{"href":"https:\/\/jorgezanoni.com.br\/2019\/wp-json\/wp\/v2\/types\/post"}],"author":[{"embeddable":true,"href":"https:\/\/jorgezanoni.com.br\/2019\/wp-json\/wp\/v2\/users\/1"}],"replies":[{"embeddable":true,"href":"https:\/\/jorgezanoni.com.br\/2019\/wp-json\/wp\/v2\/comments?post=61813"}],"version-history":[{"count":0,"href":"https:\/\/jorgezanoni.com.br\/2019\/wp-json\/wp\/v2\/posts\/61813\/revisions"}],"wp:featuredmedia":[{"embeddable":true,"href":"https:\/\/jorgezanoni.com.br\/2019\/wp-json\/wp\/v2\/media\/61815"}],"wp:attachment":[{"href":"https:\/\/jorgezanoni.com.br\/2019\/wp-json\/wp\/v2\/media?parent=61813"}],"wp:term":[{"taxonomy":"category","embeddable":true,"href":"https:\/\/jorgezanoni.com.br\/2019\/wp-json\/wp\/v2\/categories?post=61813"},{"taxonomy":"post_tag","embeddable":true,"href":"https:\/\/jorgezanoni.com.br\/2019\/wp-json\/wp\/v2\/tags?post=61813"}],"curies":[{"name":"wp","href":"https:\/\/api.w.org\/{rel}","templated":true}]}}