{"id":61809,"date":"2022-03-31T18:13:47","date_gmt":"2022-03-31T18:13:47","guid":{"rendered":"https:\/\/jorgezanoni.com.br\/2019\/?p=61809"},"modified":"2022-03-31T18:13:47","modified_gmt":"2022-03-31T18:13:47","slug":"presidente-eleita-desiste-e-vice-vai-assumir-sindicato-dos-servidores-municipais-de-dracena","status":"publish","type":"post","link":"https:\/\/jorgezanoni.com.br\/2019\/presidente-eleita-desiste-e-vice-vai-assumir-sindicato-dos-servidores-municipais-de-dracena\/","title":{"rendered":"Presidente eleita desiste e vice vai assumir Sindicato dos Servidores Municipais de Dracena"},"content":{"rendered":"<div class=\"kvgmc6g5 cxmmr5t8 oygrvhab hcukyx3x c1et5uql ii04i59q\">\n<div dir=\"auto\" style=\"text-align: justify;\">COMUNICADO DA CHAPA F\u00caNIX, ELEITA PARA COMANDAR O SINDICATO DOS SERVIDORES MUNICIPAIS.<\/div>\n<div dir=\"auto\" style=\"text-align: justify;\"><\/div>\n<\/div>\n<div class=\"cxmmr5t8 oygrvhab hcukyx3x c1et5uql o9v6fnle ii04i59q\" style=\"text-align: justify;\">\n<div dir=\"auto\">O vice-presidente eleito para a diretoria do Sindicato dos Servidores Municipais de Dracena. Cl\u00e1udio Jos\u00e9 Pasqualeto comunica em nome de Chapa F\u00eanix que est\u00e1 pronto para assumir a presid\u00eancia no dia 16 de abril em virtude da ren\u00fancia da presidente eleita Neusa Maria Matiolli. O mandato ser\u00e1 de 2022 a 2026.<\/div>\n<\/div>\n<div class=\"cxmmr5t8 oygrvhab hcukyx3x c1et5uql o9v6fnle ii04i59q\">\n<div dir=\"auto\" style=\"text-align: justify;\">O futuro presidente esclarece que n\u00e3o h\u00e1 necessidade de nova elei\u00e7\u00e3o, pois n\u00e3o houve ren\u00fancia coletiva da chapa. O estatuto no seu artigo 24 s\u00f3 prev\u00ea nova vota\u00e7\u00e3o em caso de ren\u00fancia de todos os membros da diretoria eleita, o que n\u00e3o ocorreu.<\/div>\n<div dir=\"auto\"><\/div>\n<div dir=\"auto\" style=\"text-align: justify;\"><img loading=\"lazy\" decoding=\"async\" class=\"alignnone size-full wp-image-61810\" src=\"https:\/\/jorgezanoni.com.br\/2019\/wp-content\/uploads\/2022\/03\/sindicato.jpg\" alt=\"\" width=\"852\" height=\"338\" srcset=\"https:\/\/jorgezanoni.com.br\/2019\/wp-content\/uploads\/2022\/03\/sindicato.jpg 852w, https:\/\/jorgezanoni.com.br\/2019\/wp-content\/uploads\/2022\/03\/sindicato-300x119.jpg 300w, https:\/\/jorgezanoni.com.br\/2019\/wp-content\/uploads\/2022\/03\/sindicato-768x305.jpg 768w, https:\/\/jorgezanoni.com.br\/2019\/wp-content\/uploads\/2022\/03\/sindicato-696x276.jpg 696w\" sizes=\"auto, (max-width: 852px) 100vw, 852px\" \/><\/div>\n<\/div>\n<div dir=\"auto\">Fonte: Bastidores da Not\u00edcia<\/div>\n<div dir=\"auto\"><\/div>\n","protected":false},"excerpt":{"rendered":"<p>COMUNICADO DA CHAPA F\u00caNIX, ELEITA PARA COMANDAR O SINDICATO DOS SERVIDORES MUNICIPAIS. O vice-presidente eleito para a diretoria do Sindicato dos Servidores Municipais de Dracena. Cl\u00e1udio Jos\u00e9 Pasqualeto comunica em nome de Chapa F\u00eanix que est\u00e1 pronto para assumir a presid\u00eancia no dia 16 de abril em virtude da ren\u00fancia da presidente eleita Neusa Maria [&hellip;]<\/p>\n","protected":false},"author":1,"featured_media":61811,"comment_status":"closed","ping_status":"open","sticky":false,"template":"","format":"standard","meta":{"footnotes":""},"categories":[179,184,110],"tags":[],"class_list":["post-61809","post","type-post","status-publish","format-standard","has-post-thumbnail","hentry","category-cidadeseregiao","category-dracena","category-noticiasdestaque"],"_links":{"self":[{"href":"https:\/\/jorgezanoni.com.br\/2019\/wp-json\/wp\/v2\/posts\/61809","targetHints":{"allow":["GET"]}}],"collection":[{"href":"https:\/\/jorgezanoni.com.br\/2019\/wp-json\/wp\/v2\/posts"}],"about":[{"href":"https:\/\/jorgezanoni.com.br\/2019\/wp-json\/wp\/v2\/types\/post"}],"author":[{"embeddable":true,"href":"https:\/\/jorgezanoni.com.br\/2019\/wp-json\/wp\/v2\/users\/1"}],"replies":[{"embeddable":true,"href":"https:\/\/jorgezanoni.com.br\/2019\/wp-json\/wp\/v2\/comments?post=61809"}],"version-history":[{"count":0,"href":"https:\/\/jorgezanoni.com.br\/2019\/wp-json\/wp\/v2\/posts\/61809\/revisions"}],"wp:featuredmedia":[{"embeddable":true,"href":"https:\/\/jorgezanoni.com.br\/2019\/wp-json\/wp\/v2\/media\/61811"}],"wp:attachment":[{"href":"https:\/\/jorgezanoni.com.br\/2019\/wp-json\/wp\/v2\/media?parent=61809"}],"wp:term":[{"taxonomy":"category","embeddable":true,"href":"https:\/\/jorgezanoni.com.br\/2019\/wp-json\/wp\/v2\/categories?post=61809"},{"taxonomy":"post_tag","embeddable":true,"href":"https:\/\/jorgezanoni.com.br\/2019\/wp-json\/wp\/v2\/tags?post=61809"}],"curies":[{"name":"wp","href":"https:\/\/api.w.org\/{rel}","templated":true}]}}