{"id":61795,"date":"2022-03-31T16:34:39","date_gmt":"2022-03-31T16:34:39","guid":{"rendered":"https:\/\/jorgezanoni.com.br\/2019\/?p=61795"},"modified":"2022-03-31T16:34:39","modified_gmt":"2022-03-31T16:34:39","slug":"policia-civil-prende-homem-suspeito-por-trafico-de-drogas-e-apreende-quase-10-kgs-de-entorpecentes-em-dracena","status":"publish","type":"post","link":"https:\/\/jorgezanoni.com.br\/2019\/policia-civil-prende-homem-suspeito-por-trafico-de-drogas-e-apreende-quase-10-kgs-de-entorpecentes-em-dracena\/","title":{"rendered":"Pol\u00edcia Civil prende homem suspeito por Tr\u00e1fico de Drogas e apreende quase 10 Kgs. de Entorpecentes em Dracena"},"content":{"rendered":"<p style=\"text-align: justify;\"><strong>POL\u00cdCIA CIVIL PRENDE HOMEM SUSPEITO POR TR\u00c1FICO DE DROGAS E APREENDE QUASE 10 QUILOS DE ENTORCEPENTES EM DRACENA.<\/strong><\/p>\n<p style=\"text-align: justify;\">A a\u00e7\u00e3o de combate ao tr\u00e1fico de drogas foi coordenada pelas Unidades Especializadas &#8211; DIG\/DISE de Dracena. A apreens\u00e3o dos entorpecentes e a pris\u00e3o do acusado aconteceram em uma casa pr\u00f3xima a antiga esta\u00e7\u00e3o ferrovi\u00e1ria, e que fica tamb\u00e9m nas proximidades da rodovi\u00e1ria.<\/p>\n<p style=\"text-align: justify;\">A Pol\u00edcia Civil, por interm\u00e9dio das Unidades Especializadas &#8211; DIG\/DISE, prendeu um homem, de 27 anos, nesta quarta-feira (30), por suspeita de tr\u00e1fico de drogas em Dracena. Na resid\u00eancia do acusado os agentes das Unidades Especializadas encontram e apreenderam 16 tijolos de maconha, um tablete contendo crack, al\u00e9m de uma trouxinha e dois papelotes de maconha j\u00e1 prontos para a comercializa\u00e7\u00e3o. Ainda no im\u00f3vel foram localizados uma balan\u00e7a de precis\u00e3o, duas facas com resqu\u00edcios de drogas, apetrechos comumente usados para embalar drogas, cerca de R$ 400 e uma motocicleta.<\/p>\n<p style=\"text-align: justify;\">A\u00e7\u00e3o de combate ao tr\u00e1fico de drogas foi desencadeada durante trabalho investigativo que apurava a distribui\u00e7\u00e3o de drogas pelo acusado, abastecendo e promovendo a venda de entorpecentes para usu\u00e1rios de drogas que frequentam a antiga esta\u00e7\u00e3o ferrovi\u00e1ria e a rodovi\u00e1ria de Dracena, visto que a resid\u00eancia do suspeito est\u00e1 localizada em um ponto estrat\u00e9gico a margem da linha f\u00e9rrea. Havia ainda a informa\u00e7\u00e3o de que o acusado tamb\u00e9m fazia um servi\u00e7o de \u201cdelivery\u201d, no qual ele mesmo entregava as drogas para clientes, utilizando um carro ou uma motocicleta.<\/p>\n<p style=\"text-align: justify;\">Diante do apurado pelo setor de investiga\u00e7\u00e3o, foi requerido junto ao Poder Judici\u00e1rio um mandado de busca e apreens\u00e3o domiciliar para o im\u00f3vel do suspeito, sendo ent\u00e3o realizada a\u00e7\u00e3o policial no final da tarde desta quarta-feira (30). Ao chegarem ao local, os policiais civis avistaram a m\u00e3e do acusado no corredor que d\u00e1 acesso a resid\u00eancia com uma sacola nas m\u00e3os, ela se assustou e imediatamente jogou a sacola no ch\u00e3o, dizendo que aquilo n\u00e3o era dela, ao ser verificado o que havia no interior da sacola, constatou-se que havia 16 tabletes de maconha, em forma de tijolos, envoltos em fita adesiva amarela, e uma por\u00e7\u00e3o da mesma droga j\u00e1 esfarelada, embalada em pl\u00e1stico filme. Na sacola ainda havia meio tablete de crack, uma balan\u00e7a de precis\u00e3o e duas facas com resqu\u00edcios de drogas.<\/p>\n<p style=\"text-align: justify;\">A m\u00e3e do acusado afirmou que todo aquele material il\u00edcito era de seu filho, que ela iria jogar tudo fora. Em continuidade \u00e0s buscas na resid\u00eancia os agentes encontram mais dois inv\u00f3lucros de maconha, que a mulher alegou ser de seu am\u00e1sio para consumo pr\u00f3prio.<\/p>\n<p style=\"text-align: justify;\">Enquanto uma equipe das Unidades Especializadas aguardava e preservava o local para os procedimentos dos exames periciais de constata\u00e7\u00e3o de ponto de tr\u00e1fico de drogas realizados pela Pol\u00edcia T\u00e9cnica Cientifica, ali chegou o acusado pilotando uma motocicleta e parou ainda na rua. Sendo de imediato dada ordem para que o suspeito descesse da motocicleta, por\u00e9m n\u00e3o obedecida, reagindo a abordagem policial, havendo ent\u00e3o a necessidade do uso de for\u00e7a f\u00edsica moderada e ainda o uso de algemas para conter o acusado.<\/p>\n<p style=\"text-align: justify;\">Ainda na realiza\u00e7\u00e3o da revista pessoal do suspeito, foi encontro no bolso da bermuda a quantia de R$ 400. Num primeiro momento o detido chegou a negar a propriedade da droga, mas logo em seguida confirmou ser dele todo aquele material il\u00edcito encontrado.<\/p>\n<p style=\"text-align: justify;\">O suspeito foi atuado em delito pelo crime de tr\u00e1fico de drogas, permanecendo custodiado, aguardando a audi\u00eancia de cust\u00f3dia, para posterior encaminhamento ao sistema prisional. O material entorpecente apreendido foi encaminhado para exame pericial, para emiss\u00e3o de laudo de constata\u00e7\u00e3o provis\u00f3rio de subst\u00e2ncia entorpecente proscrita.<\/p>\n<p style=\"text-align: justify;\">O homem possui antecedentes criminais pelos crimes de inc\u00eandio, furto, embriaguez ao volante e tr\u00e1fico de drogas, constando ainda, ser benefici\u00e1rio da situa\u00e7\u00e3o prisional de liberdade condicional, obtida no m\u00eas de novembro de 2011.<\/p>\n<p><img loading=\"lazy\" decoding=\"async\" class=\"alignnone size-full wp-image-61796\" src=\"https:\/\/jorgezanoni.com.br\/2019\/wp-content\/uploads\/2022\/03\/preso.jpg\" alt=\"\" width=\"1280\" height=\"960\" srcset=\"https:\/\/jorgezanoni.com.br\/2019\/wp-content\/uploads\/2022\/03\/preso.jpg 1280w, https:\/\/jorgezanoni.com.br\/2019\/wp-content\/uploads\/2022\/03\/preso-300x225.jpg 300w, https:\/\/jorgezanoni.com.br\/2019\/wp-content\/uploads\/2022\/03\/preso-1024x768.jpg 1024w, https:\/\/jorgezanoni.com.br\/2019\/wp-content\/uploads\/2022\/03\/preso-768x576.jpg 768w, https:\/\/jorgezanoni.com.br\/2019\/wp-content\/uploads\/2022\/03\/preso-80x60.jpg 80w, https:\/\/jorgezanoni.com.br\/2019\/wp-content\/uploads\/2022\/03\/preso-265x198.jpg 265w, https:\/\/jorgezanoni.com.br\/2019\/wp-content\/uploads\/2022\/03\/preso-696x522.jpg 696w, https:\/\/jorgezanoni.com.br\/2019\/wp-content\/uploads\/2022\/03\/preso-1068x801.jpg 1068w, https:\/\/jorgezanoni.com.br\/2019\/wp-content\/uploads\/2022\/03\/preso-560x420.jpg 560w\" sizes=\"auto, (max-width: 1280px) 100vw, 1280px\" \/><\/p>\n<p>Fonte: Com. Social Pol\u00edcia Civil<\/p>\n<p>&nbsp;<\/p>\n","protected":false},"excerpt":{"rendered":"<p>POL\u00cdCIA CIVIL PRENDE HOMEM SUSPEITO POR TR\u00c1FICO DE DROGAS E APREENDE QUASE 10 QUILOS DE ENTORCEPENTES EM DRACENA. A a\u00e7\u00e3o de combate ao tr\u00e1fico de drogas foi coordenada pelas Unidades Especializadas &#8211; DIG\/DISE de Dracena. A apreens\u00e3o dos entorpecentes e a pris\u00e3o do acusado aconteceram em uma casa pr\u00f3xima a antiga esta\u00e7\u00e3o ferrovi\u00e1ria, e que [&hellip;]<\/p>\n","protected":false},"author":1,"featured_media":61797,"comment_status":"closed","ping_status":"open","sticky":false,"template":"","format":"standard","meta":{"footnotes":""},"categories":[110,2],"tags":[],"class_list":["post-61795","post","type-post","status-publish","format-standard","has-post-thumbnail","hentry","category-noticiasdestaque","category-policial"],"_links":{"self":[{"href":"https:\/\/jorgezanoni.com.br\/2019\/wp-json\/wp\/v2\/posts\/61795","targetHints":{"allow":["GET"]}}],"collection":[{"href":"https:\/\/jorgezanoni.com.br\/2019\/wp-json\/wp\/v2\/posts"}],"about":[{"href":"https:\/\/jorgezanoni.com.br\/2019\/wp-json\/wp\/v2\/types\/post"}],"author":[{"embeddable":true,"href":"https:\/\/jorgezanoni.com.br\/2019\/wp-json\/wp\/v2\/users\/1"}],"replies":[{"embeddable":true,"href":"https:\/\/jorgezanoni.com.br\/2019\/wp-json\/wp\/v2\/comments?post=61795"}],"version-history":[{"count":0,"href":"https:\/\/jorgezanoni.com.br\/2019\/wp-json\/wp\/v2\/posts\/61795\/revisions"}],"wp:featuredmedia":[{"embeddable":true,"href":"https:\/\/jorgezanoni.com.br\/2019\/wp-json\/wp\/v2\/media\/61797"}],"wp:attachment":[{"href":"https:\/\/jorgezanoni.com.br\/2019\/wp-json\/wp\/v2\/media?parent=61795"}],"wp:term":[{"taxonomy":"category","embeddable":true,"href":"https:\/\/jorgezanoni.com.br\/2019\/wp-json\/wp\/v2\/categories?post=61795"},{"taxonomy":"post_tag","embeddable":true,"href":"https:\/\/jorgezanoni.com.br\/2019\/wp-json\/wp\/v2\/tags?post=61795"}],"curies":[{"name":"wp","href":"https:\/\/api.w.org\/{rel}","templated":true}]}}