{"id":61788,"date":"2022-03-31T15:34:36","date_gmt":"2022-03-31T15:34:36","guid":{"rendered":"https:\/\/jorgezanoni.com.br\/2019\/?p=61788"},"modified":"2022-03-31T15:34:36","modified_gmt":"2022-03-31T15:34:36","slug":"homem-que-matou-a-esposa-esfaqueada-em-dracena-e-encaminhado-ao-centro-de-detencao-provisoria-de-caiua","status":"publish","type":"post","link":"https:\/\/jorgezanoni.com.br\/2019\/homem-que-matou-a-esposa-esfaqueada-em-dracena-e-encaminhado-ao-centro-de-detencao-provisoria-de-caiua\/","title":{"rendered":"Homem que matou a esposa esfaqueada em Dracena \u00e9 encaminhado ao Centro de Deten\u00e7\u00e3o Provis\u00f3ria de Caiu\u00e1"},"content":{"rendered":"<h2 class=\"content-head__subtitle\" style=\"text-align: justify;\"><strong>Paulo Henrique Santiago, de 45 anos, recebeu alta nesta ter\u00e7a-feira (29) da Santa Casa onde foi internado depois que tentou se matar, ap\u00f3s cometer o crime.<\/strong><\/h2>\n<div class=\"mc-column content-text active-extra-styles \" style=\"text-align: justify;\" data-block-type=\"unstyled\" data-block-weight=\"42\" data-block-id=\"2\">\n<p class=\"content-text__container \" data-track-category=\"Link no Texto\" data-track-links=\"\">O homem de 45 anos\u00a0<a href=\"https:\/\/g1.globo.com\/sp\/presidente-prudente-regiao\/noticia\/2022\/03\/18\/mulher-morre-apos-ser-esfaqueada-pelo-marido-em-dracena.ghtml\">preso pelo crime de femin\u00edcidio em Dracena (SP)<\/a>\u00a0foi encaminhado ao Centro de Deten\u00e7\u00e3o Provis\u00f3ria (CDP) de\u00a0<a href=\"https:\/\/g1.globo.com\/sp\/presidente-prudente-regiao\/cidade\/caiua\/\">Caiu\u00e1<\/a>\u00a0(SP). Ele estava internado na Santa Casa de Miseric\u00f3rdia do munic\u00edpio e recebeu alta nesta ter\u00e7a-feira (29).<\/p>\n<\/div>\n<div class=\"wall protected-content\">\n<div class=\"mc-column content-text active-extra-styles \" style=\"text-align: justify;\" data-block-type=\"unstyled\" data-block-weight=\"45\" data-block-id=\"3\">\n<p class=\"content-text__container \" data-track-category=\"Link no Texto\" data-track-links=\"\">De acordo com a Pol\u00edcia Militar, o homem foi internado porque tentou se matar depois de esfaquear a esposa, de 43 anos. Ele foi encaminhado ao centro cir\u00fargico da unidade em estado grave, com ferimentos nos pulsos, no pesco\u00e7o, no t\u00f3rax e no abd\u00f4men.<\/p>\n<\/div>\n<div class=\"mc-column content-text active-extra-styles \" data-block-type=\"unstyled\" data-block-weight=\"24\" data-block-id=\"4\">\n<p class=\"content-text__container \" style=\"text-align: justify;\" data-track-category=\"Link no Texto\" data-track-links=\"\">Ap\u00f3s receber os cuidados m\u00e9dicos necess\u00e1rios, foi liberado da unidade e encaminhado ao Centro de Deten\u00e7\u00e3o Provis\u00f3ria de\u00a0<a href=\"https:\/\/g1.globo.com\/sp\/presidente-prudente-regiao\/cidade\/caiua\/\">Caiu\u00e1<\/a>\u00a0(CDP), onde ficar\u00e1 preso preventivamente.<\/p>\n<div class=\"mc-column content-text active-extra-styles\" style=\"text-align: justify;\" data-block-type=\"raw\" data-block-weight=\"2\" data-block-id=\"6\">\n<div class=\"content-intertitle\">\n<h2>O caso<\/h2>\n<\/div>\n<\/div>\n<div class=\"mc-column content-text active-extra-styles \" style=\"text-align: justify;\" data-block-type=\"unstyled\" data-block-weight=\"37\" data-block-id=\"7\">\n<p class=\"content-text__container \" data-track-category=\"Link no Texto\" data-track-links=\"\">Uma mulher, de 43 anos,\u00a0<a href=\"https:\/\/g1.globo.com\/sp\/presidente-prudente-regiao\/noticia\/2022\/03\/18\/mulher-morre-apos-ser-esfaqueada-pelo-marido-em-dracena.ghtml\">morreu ap\u00f3s ser esfaqueada pelo pr\u00f3prio marido<\/a>\u00a0na manh\u00e3 foi dia 18 de mar\u00e7o, em\u00a0<a href=\"https:\/\/g1.globo.com\/sp\/presidente-prudente-regiao\/cidade\/dracena\/\">Dracena<\/a>\u00a0(SP). O crime foi na resid\u00eancia do casal, no Bairro Bortolato II, por volta das 8h25.<\/p>\n<\/div>\n<div class=\"mc-column content-text active-extra-styles \" style=\"text-align: justify;\" data-block-type=\"unstyled\" data-block-weight=\"28\" data-block-id=\"8\">\n<p class=\"content-text__container \" data-track-category=\"Link no Texto\" data-track-links=\"\">Segundo a Pol\u00edcia Civil, tamb\u00e9m moram na casa um dos filhos do casal e duas netas que eram criadas por eles. O casal n\u00e3o tinha hist\u00f3rico de viol\u00eancia.<\/p>\n<\/div>\n<div class=\"mc-column content-text active-extra-styles \" style=\"text-align: justify;\" data-block-type=\"unstyled\" data-block-weight=\"26\" data-block-id=\"9\">\n<p class=\"content-text__container \" data-track-category=\"Link no Texto\" data-track-links=\"\">Ainda segundo a Pol\u00edcia Civil, o suspeito, ap\u00f3s esfaquear a esposa, ligou para o filho e disse-lhe: &#8220;Me perdoe, me desculpe, eu matei a sua m\u00e3e&#8221;.<\/p>\n<\/div>\n<div class=\"mc-column content-text active-extra-styles\" style=\"text-align: justify;\" data-block-type=\"raw\" data-block-weight=\"2\" data-block-id=\"10\">\n<div class=\"content-intertitle\">\n<h2>VEJA TAMB\u00c9M:<\/h2>\n<\/div>\n<\/div>\n<div class=\"mc-column content-text active-extra-styles\" style=\"text-align: justify;\" data-block-type=\"raw\" data-block-weight=\"26\" data-block-id=\"11\">\n<ul class=\"content-unordered-list\">\n<li><a href=\"https:\/\/g1.globo.com\/sp\/presidente-prudente-regiao\/noticia\/2022\/03\/18\/mulher-morre-apos-ser-esfaqueada-pelo-marido-em-dracena.ghtml\">Pai liga para o filho ap\u00f3s esfaquear a esposa e diz: &#8216;Me perdoe, eu matei a sua m\u00e3e&#8217;; v\u00edtima chegou a ser socorrida, mas n\u00e3o resistiu<\/a><\/li>\n<\/ul>\n<\/div>\n<div class=\"mc-column content-text active-extra-styles \" style=\"text-align: justify;\" data-block-type=\"unstyled\" data-block-weight=\"37\" data-block-id=\"12\">\n<p class=\"content-text__container \" data-track-category=\"Link no Texto\" data-track-links=\"\">De acordo com a Pol\u00edcia Militar, quando a equipe chegou ao local, a v\u00edtima estava ca\u00edda na garagem, com o marido tamb\u00e9m ca\u00eddo ao lado. O autor estava com a faca na m\u00e3o e cortes no pulso.<\/p>\n<\/div>\n<div class=\"mc-column content-text active-extra-styles \" data-block-type=\"unstyled\" data-block-weight=\"50\" data-block-id=\"13\">\n<p class=\"content-text__container \" style=\"text-align: justify;\" data-track-category=\"Link no Texto\" data-track-links=\"\">Em junho do ano passado, Paulo Henrique Santiago, que trabalha como gerente de produ\u00e7\u00e3o de produtos agropecu\u00e1rios na linha de ferragens de uma empresa em\u00a0<a href=\"https:\/\/g1.globo.com\/sp\/presidente-prudente-regiao\/cidade\/dracena\/\">Dracena<\/a>, e Simone Rodrigues Santiago, que era dona de casa, haviam completado 27 anos de casamento, conforme publica\u00e7\u00e3o feita pela v\u00edtima em uma rede social.<\/p>\n<div class=\"mc-column content-text active-extra-styles \" style=\"text-align: justify;\" data-block-type=\"unstyled\" data-block-weight=\"24\" data-block-id=\"15\">\n<p class=\"content-text__container \" data-track-category=\"Link no Texto\" data-track-links=\"\">De acordo com o Corpo de Bombeiros, os dois foram socorridos em estado grave e levados para a Santa Casa de Miseric\u00f3rdia de\u00a0<a href=\"https:\/\/g1.globo.com\/sp\/presidente-prudente-regiao\/cidade\/dracena\/\">Dracena<\/a>.<\/p>\n<\/div>\n<div class=\"mc-column content-text active-extra-styles \" style=\"text-align: justify;\" data-block-type=\"unstyled\" data-block-weight=\"24\" data-block-id=\"16\">\n<p class=\"content-text__container \" data-track-category=\"Link no Texto\" data-track-links=\"\">A mulher apresentava cortes em v\u00e1rias partes do corpo, como no bra\u00e7o, no pesco\u00e7o e nas costas. Ela n\u00e3o resistiu aos ferimentos e morreu.<\/p>\n<\/div>\n<div class=\"row medium-uncollapsed content-media content-photo\" style=\"text-align: justify;\" data-block-type=\"backstage-photo\" data-block-id=\"17\">\n<div class=\"mc-column content-media__container\">\n<div class=\"content-media-container glb-skeleton-box\">\n<figure class=\"content-media-figure\"><img decoding=\"async\" class=\"i-amphtml-fill-content i-amphtml-replaced-content\" src=\"https:\/\/s2.glbimg.com\/k9CagON2aOsPOiXrPAqdxIacPxo=\/0x0:1024x768\/984x0\/smart\/filters:strip_icc()\/i.s3.glbimg.com\/v1\/AUTH_59edd422c0c84a879bd37670ae4f538a\/internal_photos\/bs\/2022\/R\/3\/tUzlIcQEaF4CoQdCdhKg\/whatsapp-image-2022-03-18-at-10.03.46.jpeg\" sizes=\"(max-width: 1366px) 648px, 100vw\" srcset=\"https:\/\/s2.glbimg.com\/-iOcL1NG6E3i-4WucoLZyI7Vyqs=\/0x0:1024x768\/1000x0\/smart\/filters:strip_icc()\/i.s3.glbimg.com\/v1\/AUTH_59edd422c0c84a879bd37670ae4f538a\/internal_photos\/bs\/2022\/R\/3\/tUzlIcQEaF4CoQdCdhKg\/whatsapp-image-2022-03-18-at-10.03.46.jpeg 1000w, https:\/\/s2.glbimg.com\/k9CagON2aOsPOiXrPAqdxIacPxo=\/0x0:1024x768\/984x0\/smart\/filters:strip_icc()\/i.s3.glbimg.com\/v1\/AUTH_59edd422c0c84a879bd37670ae4f538a\/internal_photos\/bs\/2022\/R\/3\/tUzlIcQEaF4CoQdCdhKg\/whatsapp-image-2022-03-18-at-10.03.46.jpeg 984w, https:\/\/s2.glbimg.com\/wtnmuqIsZQy7RyNkcn_AG1YVZ5k=\/0x0:1024x768\/640x0\/smart\/filters:strip_icc()\/i.s3.glbimg.com\/v1\/AUTH_59edd422c0c84a879bd37670ae4f538a\/internal_photos\/bs\/2022\/R\/3\/tUzlIcQEaF4CoQdCdhKg\/whatsapp-image-2022-03-18-at-10.03.46.jpeg 640w, https:\/\/s2.glbimg.com\/XVpmmOzx9gqTw24qU4AIUNLtyXg=\/0x0:1024x768\/600x0\/smart\/filters:strip_icc()\/i.s3.glbimg.com\/v1\/AUTH_59edd422c0c84a879bd37670ae4f538a\/internal_photos\/bs\/2022\/R\/3\/tUzlIcQEaF4CoQdCdhKg\/whatsapp-image-2022-03-18-at-10.03.46.jpeg 600w\" alt=\"Feminic\u00eddio foi registrado na manh\u00e3 desta sexta-feira (18), em Dracena \u2014 Foto: Carlos Volpi\/TV Fronteira\" \/><\/figure>\n<\/div>\n<p class=\"content-media__description \">Feminic\u00eddio foi registrado na manh\u00e3 desta sexta-feira (18), em Dracena \u2014 Foto: Carlos Volpi\/TV Fronteira<\/p>\n<\/div>\n<\/div>\n<div class=\"mc-column content-text active-extra-styles \" style=\"text-align: justify;\" data-block-type=\"unstyled\" data-block-weight=\"40\" data-block-id=\"18\">\n<p class=\"content-text__container \" data-track-category=\"Link no Texto\" data-track-links=\"\">J\u00e1 o homem, de 45 anos, que teria tentado se matar ap\u00f3s golpear a esposa, foi encaminhado ao centro cir\u00fargico e o estado era grave. Segundo a PM, ele tinha ferimentos nos pulsos, no pesco\u00e7o, no t\u00f3rax e no abd\u00f4men.<\/p>\n<\/div>\n<div class=\"mc-column content-text active-extra-styles \" style=\"text-align: justify;\" data-block-type=\"unstyled\" data-block-weight=\"11\" data-block-id=\"19\">\n<p class=\"content-text__container \" data-track-category=\"Link no Texto\" data-track-links=\"\">Ainda conforme a PM, o motivo do crime teria sido passional.<\/p>\n<\/div>\n<div class=\"mc-column content-text active-extra-styles \" data-block-type=\"unstyled\" data-block-weight=\"19\" data-block-id=\"20\">\n<p class=\"content-text__container \" style=\"text-align: justify;\" data-track-category=\"Link no Texto\" data-track-links=\"\">O sepultamento da v\u00edtima do feminic\u00eddio foi realizado no dia 19 de mar\u00e7o, no Cemit\u00e9rio Municipal de\u00a0<a href=\"https:\/\/g1.globo.com\/sp\/presidente-prudente-regiao\/cidade\/dracena\/\">Dracena<\/a>.<\/p>\n<div class=\"content-media-container glb-skeleton-box\">\n<figure class=\"content-media-figure\"><img decoding=\"async\" class=\"i-amphtml-fill-content i-amphtml-replaced-content\" src=\"https:\/\/s2.glbimg.com\/BWpWIevzieWSr8OALRHDxktQWXg=\/0x0:2008x2015\/984x0\/smart\/filters:strip_icc()\/i.s3.glbimg.com\/v1\/AUTH_59edd422c0c84a879bd37670ae4f538a\/internal_photos\/bs\/2022\/v\/0\/06KoXuSsafQghreQlCaw\/77080742-1864402727036655-4858670621044768768-n.jpg\" sizes=\"(max-width: 1366px) 648px, 100vw\" srcset=\"https:\/\/s2.glbimg.com\/Jcpr9xYEI1kbi04O7jtEnQVZKTg=\/0x0:2008x2015\/1000x0\/smart\/filters:strip_icc()\/i.s3.glbimg.com\/v1\/AUTH_59edd422c0c84a879bd37670ae4f538a\/internal_photos\/bs\/2022\/v\/0\/06KoXuSsafQghreQlCaw\/77080742-1864402727036655-4858670621044768768-n.jpg 1000w, https:\/\/s2.glbimg.com\/BWpWIevzieWSr8OALRHDxktQWXg=\/0x0:2008x2015\/984x0\/smart\/filters:strip_icc()\/i.s3.glbimg.com\/v1\/AUTH_59edd422c0c84a879bd37670ae4f538a\/internal_photos\/bs\/2022\/v\/0\/06KoXuSsafQghreQlCaw\/77080742-1864402727036655-4858670621044768768-n.jpg 984w, https:\/\/s2.glbimg.com\/zc6S9FVulKkzXZLAWO4luTw2AUs=\/0x0:2008x2015\/640x0\/smart\/filters:strip_icc()\/i.s3.glbimg.com\/v1\/AUTH_59edd422c0c84a879bd37670ae4f538a\/internal_photos\/bs\/2022\/v\/0\/06KoXuSsafQghreQlCaw\/77080742-1864402727036655-4858670621044768768-n.jpg 640w, https:\/\/s2.glbimg.com\/59xVUqTLjkYj4nQ8Bxmof0o-iao=\/0x0:2008x2015\/600x0\/smart\/filters:strip_icc()\/i.s3.glbimg.com\/v1\/AUTH_59edd422c0c84a879bd37670ae4f538a\/internal_photos\/bs\/2022\/v\/0\/06KoXuSsafQghreQlCaw\/77080742-1864402727036655-4858670621044768768-n.jpg 600w\" alt=\"Simone Rodrigues Santiago foi morta a facadas pelo marido em Dracena (SP) \u2014 Foto: Reprodu\u00e7\u00e3o\/Facebook\" \/><\/figure>\n<\/div>\n<p class=\"content-media__description \" style=\"text-align: justify;\">Simone Rodrigues Santiago foi morta a facadas pelo marido em Dracena (SP) \u2014 Foto: Reprodu\u00e7\u00e3o\/Facebook<\/p>\n<p style=\"text-align: justify;\">Fonte: G1<\/p>\n<\/div>\n<\/div>\n<\/div>\n<\/div>\n","protected":false},"excerpt":{"rendered":"<p>Paulo Henrique Santiago, de 45 anos, recebeu alta nesta ter\u00e7a-feira (29) da Santa Casa onde foi internado depois que tentou se matar, ap\u00f3s cometer o crime. O homem de 45 anos\u00a0preso pelo crime de femin\u00edcidio em Dracena (SP)\u00a0foi encaminhado ao Centro de Deten\u00e7\u00e3o Provis\u00f3ria (CDP) de\u00a0Caiu\u00e1\u00a0(SP). Ele estava internado na Santa Casa de Miseric\u00f3rdia do [&hellip;]<\/p>\n","protected":false},"author":1,"featured_media":61790,"comment_status":"closed","ping_status":"open","sticky":false,"template":"","format":"standard","meta":{"footnotes":""},"categories":[110,2],"tags":[],"class_list":["post-61788","post","type-post","status-publish","format-standard","has-post-thumbnail","hentry","category-noticiasdestaque","category-policial"],"_links":{"self":[{"href":"https:\/\/jorgezanoni.com.br\/2019\/wp-json\/wp\/v2\/posts\/61788","targetHints":{"allow":["GET"]}}],"collection":[{"href":"https:\/\/jorgezanoni.com.br\/2019\/wp-json\/wp\/v2\/posts"}],"about":[{"href":"https:\/\/jorgezanoni.com.br\/2019\/wp-json\/wp\/v2\/types\/post"}],"author":[{"embeddable":true,"href":"https:\/\/jorgezanoni.com.br\/2019\/wp-json\/wp\/v2\/users\/1"}],"replies":[{"embeddable":true,"href":"https:\/\/jorgezanoni.com.br\/2019\/wp-json\/wp\/v2\/comments?post=61788"}],"version-history":[{"count":0,"href":"https:\/\/jorgezanoni.com.br\/2019\/wp-json\/wp\/v2\/posts\/61788\/revisions"}],"wp:featuredmedia":[{"embeddable":true,"href":"https:\/\/jorgezanoni.com.br\/2019\/wp-json\/wp\/v2\/media\/61790"}],"wp:attachment":[{"href":"https:\/\/jorgezanoni.com.br\/2019\/wp-json\/wp\/v2\/media?parent=61788"}],"wp:term":[{"taxonomy":"category","embeddable":true,"href":"https:\/\/jorgezanoni.com.br\/2019\/wp-json\/wp\/v2\/categories?post=61788"},{"taxonomy":"post_tag","embeddable":true,"href":"https:\/\/jorgezanoni.com.br\/2019\/wp-json\/wp\/v2\/tags?post=61788"}],"curies":[{"name":"wp","href":"https:\/\/api.w.org\/{rel}","templated":true}]}}