{"id":61762,"date":"2022-03-31T11:13:44","date_gmt":"2022-03-31T11:13:44","guid":{"rendered":"https:\/\/jorgezanoni.com.br\/2019\/?p=61762"},"modified":"2022-03-31T11:15:09","modified_gmt":"2022-03-31T11:15:09","slug":"tragedia-com-onibus-de-trabalhadores-que-saiu-de-tres-lagoas-deixa-10-passageiros-mortos-e-outros-21-feridos","status":"publish","type":"post","link":"https:\/\/jorgezanoni.com.br\/2019\/tragedia-com-onibus-de-trabalhadores-que-saiu-de-tres-lagoas-deixa-10-passageiros-mortos-e-outros-21-feridos\/","title":{"rendered":"Trag\u00e9dia com \u00f4nibus de trabalhadores que saiu de Tr\u00eas Lagoas, deixa 10 passageiros mortos e outros 21 feridos"},"content":{"rendered":"<h2 class=\"subtitulo\" style=\"text-align: justify;\"><strong>Acidente foi registrado na PR-090, no trecho da Serra Fria, no fim da noite de quarta-feira (30). Segundo a pol\u00edcia, ve\u00edculo transportava trabalhadores de v\u00e1rias regi\u00f5es do Brasil<\/strong><\/h2>\n<p style=\"text-align: justify;\">Um \u00f4nibus caiu em uma ribanceira no fim da noite de quarta-feira (30), em Sapopema, na regi\u00e3o do Norte Pioneiro do Paran\u00e1. Segundo a Pol\u00edcia Rodovi\u00e1ria Estadual (PRE), 10 pessoas morreram e outras 21 ficaram feridas.<\/p>\n<div class=\"pos-ads-texto ads-txt-1\" style=\"text-align: justify;\">\n<div class=\"bloco-ads-texto\">\n<p>O acidente foi registrado no km 268 da PR-090, no trecho da Serra Fria.<\/p>\n<\/div>\n<\/div>\n<p style=\"text-align: justify;\">A rodovia \u00e9 de pista simples.<\/p>\n<p style=\"text-align: justify;\">O \u00f4nibus transportava mais de 39 passageiros, que eram trabalhadores de v\u00e1rias regi\u00f5es do pa\u00eds, conforme a pol\u00edcia.<\/p>\n<p style=\"text-align: justify;\">De acordo com a PRE, o motorista do \u00f4nibus perdeu o controle da dire\u00e7\u00e3o, antes de sair da pista e capotar. Os trabalhadores estavam indo at\u00e9 a parada geral da Klabin, que acontece na semana que vem.\u00a0<img decoding=\"async\" src=\"https:\/\/portalcuriuva.com.br\/envios\/2022\/03\/31\/afd01350923f7b976631f7416c9fe8733635fc54.jpg\" alt=\"\" \/><\/p>\n<p style=\"text-align: justify;\">ATUALIZA\u00c7\u00c3O<\/p>\n<p style=\"text-align: justify;\">Um grav\u00edssimo acidente foi registrado na noite desta quarta-feira, 30\/03\/22 na PR-090 em Sapopema deixou pelo menos 10 mortos e diversos feridos<\/p>\n<p style=\"text-align: justify;\">De acordo com informa\u00e7\u00f5es apuradas pelo Portal Curiuva no local do acidente, o \u00f4nibus da empresa &#8216;Engemec&#8217; que tinha 39 passageiros que estavam vindo de Tr\u00eas Lagoas &#8211; MS, na parada geral da Klabin, quando nas proximidades da Serra Fria, acabou perdendo o freio e passou direto em uma curva, capotando em seguida e caindo de uma altura de<\/p>\n<p style=\"text-align: justify;\">aproximadamente 20 metros, v\u00e1rias v\u00edtimas morreram na hora e outras diversas ficaram em estado grave e foram encaminhadas para os hospitais da regi\u00e3o.<\/p>\n<p style=\"text-align: justify;\">Est\u00e3o no local aproximadamente 15 viaturas, sendo da sa\u00fade p\u00fablica de Sapopema, Curiuva, S\u00e3o Jer\u00f4nimo da Serra, al\u00e9m do corpo de bombeiros, siate e Samu de Tel\u00eamaco Borba e Samu do Norte Pioneiro. Tamb\u00e9m est\u00e3o no local os policiais militares de\u00a0 Curi\u00fava, Sapopema e demais regi\u00f5es.<\/p>\n<div class=\"texto\" style=\"text-align: justify;\">\n<p>Tamb\u00e9m conta com aux\u00edlio de populares que ajudaram na retirada das v\u00edtimas dos locais.<\/p>\n<p>O tr\u00e2nsito est\u00e1 ca\u00f3tico no local.<\/p>\n<p>O Hospital Municipal de Sapopema encontra-se lotado de v\u00edtimas.<\/p>\n<p><img loading=\"lazy\" decoding=\"async\" class=\"alignnone size-full wp-image-61764\" src=\"https:\/\/jorgezanoni.com.br\/2019\/wp-content\/uploads\/2022\/03\/busao1.jpg\" alt=\"\" width=\"1000\" height=\"750\" srcset=\"https:\/\/jorgezanoni.com.br\/2019\/wp-content\/uploads\/2022\/03\/busao1.jpg 1000w, https:\/\/jorgezanoni.com.br\/2019\/wp-content\/uploads\/2022\/03\/busao1-300x225.jpg 300w, https:\/\/jorgezanoni.com.br\/2019\/wp-content\/uploads\/2022\/03\/busao1-768x576.jpg 768w, https:\/\/jorgezanoni.com.br\/2019\/wp-content\/uploads\/2022\/03\/busao1-80x60.jpg 80w, https:\/\/jorgezanoni.com.br\/2019\/wp-content\/uploads\/2022\/03\/busao1-265x198.jpg 265w, https:\/\/jorgezanoni.com.br\/2019\/wp-content\/uploads\/2022\/03\/busao1-696x522.jpg 696w, https:\/\/jorgezanoni.com.br\/2019\/wp-content\/uploads\/2022\/03\/busao1-560x420.jpg 560w\" sizes=\"auto, (max-width: 1000px) 100vw, 1000px\" \/> <img loading=\"lazy\" decoding=\"async\" class=\"alignnone size-full wp-image-61765\" src=\"https:\/\/jorgezanoni.com.br\/2019\/wp-content\/uploads\/2022\/03\/busao2.jpg\" alt=\"\" width=\"1000\" height=\"750\" srcset=\"https:\/\/jorgezanoni.com.br\/2019\/wp-content\/uploads\/2022\/03\/busao2.jpg 1000w, https:\/\/jorgezanoni.com.br\/2019\/wp-content\/uploads\/2022\/03\/busao2-300x225.jpg 300w, https:\/\/jorgezanoni.com.br\/2019\/wp-content\/uploads\/2022\/03\/busao2-768x576.jpg 768w, https:\/\/jorgezanoni.com.br\/2019\/wp-content\/uploads\/2022\/03\/busao2-80x60.jpg 80w, https:\/\/jorgezanoni.com.br\/2019\/wp-content\/uploads\/2022\/03\/busao2-265x198.jpg 265w, https:\/\/jorgezanoni.com.br\/2019\/wp-content\/uploads\/2022\/03\/busao2-696x522.jpg 696w, https:\/\/jorgezanoni.com.br\/2019\/wp-content\/uploads\/2022\/03\/busao2-560x420.jpg 560w\" sizes=\"auto, (max-width: 1000px) 100vw, 1000px\" \/><\/p>\n<p>Situa\u00e7\u00e3o ainda est\u00e1 em andamento, por isso, ESTA MAT\u00c9RIA EST\u00c1 SENDO ATUALIZADA&#8230;.<\/p>\n<\/div>\n<div class=\"ps-current\" style=\"text-align: justify;\">Fonte: https:\/\/portalcuriuva.com.br\/noticia<\/div>\n<p>&nbsp;<\/p>\n","protected":false},"excerpt":{"rendered":"<p>Acidente foi registrado na PR-090, no trecho da Serra Fria, no fim da noite de quarta-feira (30). Segundo a pol\u00edcia, ve\u00edculo transportava trabalhadores de v\u00e1rias regi\u00f5es do Brasil Um \u00f4nibus caiu em uma ribanceira no fim da noite de quarta-feira (30), em Sapopema, na regi\u00e3o do Norte Pioneiro do Paran\u00e1. Segundo a Pol\u00edcia Rodovi\u00e1ria Estadual [&hellip;]<\/p>\n","protected":false},"author":1,"featured_media":61767,"comment_status":"closed","ping_status":"open","sticky":false,"template":"","format":"standard","meta":{"footnotes":""},"categories":[170,110],"tags":[],"class_list":["post-61762","post","type-post","status-publish","format-standard","has-post-thumbnail","hentry","category-acidentes","category-noticiasdestaque"],"_links":{"self":[{"href":"https:\/\/jorgezanoni.com.br\/2019\/wp-json\/wp\/v2\/posts\/61762","targetHints":{"allow":["GET"]}}],"collection":[{"href":"https:\/\/jorgezanoni.com.br\/2019\/wp-json\/wp\/v2\/posts"}],"about":[{"href":"https:\/\/jorgezanoni.com.br\/2019\/wp-json\/wp\/v2\/types\/post"}],"author":[{"embeddable":true,"href":"https:\/\/jorgezanoni.com.br\/2019\/wp-json\/wp\/v2\/users\/1"}],"replies":[{"embeddable":true,"href":"https:\/\/jorgezanoni.com.br\/2019\/wp-json\/wp\/v2\/comments?post=61762"}],"version-history":[{"count":0,"href":"https:\/\/jorgezanoni.com.br\/2019\/wp-json\/wp\/v2\/posts\/61762\/revisions"}],"wp:featuredmedia":[{"embeddable":true,"href":"https:\/\/jorgezanoni.com.br\/2019\/wp-json\/wp\/v2\/media\/61767"}],"wp:attachment":[{"href":"https:\/\/jorgezanoni.com.br\/2019\/wp-json\/wp\/v2\/media?parent=61762"}],"wp:term":[{"taxonomy":"category","embeddable":true,"href":"https:\/\/jorgezanoni.com.br\/2019\/wp-json\/wp\/v2\/categories?post=61762"},{"taxonomy":"post_tag","embeddable":true,"href":"https:\/\/jorgezanoni.com.br\/2019\/wp-json\/wp\/v2\/tags?post=61762"}],"curies":[{"name":"wp","href":"https:\/\/api.w.org\/{rel}","templated":true}]}}