{"id":61755,"date":"2022-03-30T21:30:45","date_gmt":"2022-03-30T21:30:45","guid":{"rendered":"https:\/\/jorgezanoni.com.br\/2019\/?p=61755"},"modified":"2022-03-30T21:30:45","modified_gmt":"2022-03-30T21:30:45","slug":"prevencao-as-drogas-policia-civil-ministra-instrucao-preventiva-para-atiradores-recem-incorporados-ao-tg-de-dracena","status":"publish","type":"post","link":"https:\/\/jorgezanoni.com.br\/2019\/prevencao-as-drogas-policia-civil-ministra-instrucao-preventiva-para-atiradores-recem-incorporados-ao-tg-de-dracena\/","title":{"rendered":"PREVEN\u00c7\u00c3O \u00c0S DROGAS: Pol\u00edcia Civil ministra instru\u00e7\u00e3o preventiva para Atiradores rec\u00e9m incorporados ao TG de Dracena"},"content":{"rendered":"<p style=\"text-align: justify;\">PREVEN\u00c7\u00c3O \u00c0S DROGAS: POL\u00cdCIA CIVIL MINISTRA INSTRU\u00c7\u00c3O PREVENTIVA PARA ATIRADORES REC\u00c9M-INCORPORADOS AO TIRO DE GUERRA DE DRACENA<\/p>\n<p style=\"text-align: justify;\">A Pol\u00edcia Civil, por interm\u00e9dio da Delegacia Seccional de Pol\u00edcia de Dracena, ministrou nesta quarta-feira (30), aula de instru\u00e7\u00e3o para cerca de 50 novos atiradores incorporados ao Tiro de Guerra de Dracena, que prestar\u00e3o o servi\u00e7o militar ao longo do ano de 2022. A unidade militar \u00e9 respons\u00e1vel por formar atiradores e cabos de segunda categoria (reservistas) para o Ex\u00e9rcito Brasileiro.<\/p>\n<p style=\"text-align: justify;\">O tema foi abordado pelo Agente Policial Reginaldo Rosa, que explanou sobre a preven\u00e7\u00e3o e os danos causados pelo uso nocivo das drogas. O Policial Civil ressaltou ainda quanto aos principais fatores que leva uma pessoa a buscar o in\u00edcio da drogadi\u00e7\u00e3o, e da import\u00e2ncia do apoio familiar quando se identifica os primeiros ind\u00edcios do consumo de drogas.<\/p>\n<p style=\"text-align: justify;\">A iniciativa da aula preventiva partiu do chefe de instru\u00e7\u00e3o do Tiro de Guerra de Dracena, 1\u00ba Sargento do Ex\u00e9rcito Thiago Cesar Marques de Carvalho, que agradeceu a importante parceria com a Pol\u00edcia Civil, em colaborar com a forma\u00e7\u00e3o cidad\u00e3 dos jovens atiradores dacomunidade dracenense e proporcionar a eles busca de um melhor futuro.<\/p>\n<p><img loading=\"lazy\" decoding=\"async\" class=\"alignnone size-full wp-image-61756\" src=\"https:\/\/jorgezanoni.com.br\/2019\/wp-content\/uploads\/2022\/03\/tg.jpg\" alt=\"\" width=\"1280\" height=\"960\" srcset=\"https:\/\/jorgezanoni.com.br\/2019\/wp-content\/uploads\/2022\/03\/tg.jpg 1280w, https:\/\/jorgezanoni.com.br\/2019\/wp-content\/uploads\/2022\/03\/tg-300x225.jpg 300w, https:\/\/jorgezanoni.com.br\/2019\/wp-content\/uploads\/2022\/03\/tg-1024x768.jpg 1024w, https:\/\/jorgezanoni.com.br\/2019\/wp-content\/uploads\/2022\/03\/tg-768x576.jpg 768w, https:\/\/jorgezanoni.com.br\/2019\/wp-content\/uploads\/2022\/03\/tg-80x60.jpg 80w, https:\/\/jorgezanoni.com.br\/2019\/wp-content\/uploads\/2022\/03\/tg-265x198.jpg 265w, https:\/\/jorgezanoni.com.br\/2019\/wp-content\/uploads\/2022\/03\/tg-696x522.jpg 696w, https:\/\/jorgezanoni.com.br\/2019\/wp-content\/uploads\/2022\/03\/tg-1068x801.jpg 1068w, https:\/\/jorgezanoni.com.br\/2019\/wp-content\/uploads\/2022\/03\/tg-560x420.jpg 560w\" sizes=\"auto, (max-width: 1280px) 100vw, 1280px\" \/> <img loading=\"lazy\" decoding=\"async\" class=\"alignnone size-full wp-image-61757\" src=\"https:\/\/jorgezanoni.com.br\/2019\/wp-content\/uploads\/2022\/03\/tg1.jpg\" alt=\"\" width=\"1280\" height=\"960\" srcset=\"https:\/\/jorgezanoni.com.br\/2019\/wp-content\/uploads\/2022\/03\/tg1.jpg 1280w, https:\/\/jorgezanoni.com.br\/2019\/wp-content\/uploads\/2022\/03\/tg1-300x225.jpg 300w, https:\/\/jorgezanoni.com.br\/2019\/wp-content\/uploads\/2022\/03\/tg1-1024x768.jpg 1024w, https:\/\/jorgezanoni.com.br\/2019\/wp-content\/uploads\/2022\/03\/tg1-768x576.jpg 768w, https:\/\/jorgezanoni.com.br\/2019\/wp-content\/uploads\/2022\/03\/tg1-80x60.jpg 80w, https:\/\/jorgezanoni.com.br\/2019\/wp-content\/uploads\/2022\/03\/tg1-265x198.jpg 265w, https:\/\/jorgezanoni.com.br\/2019\/wp-content\/uploads\/2022\/03\/tg1-696x522.jpg 696w, https:\/\/jorgezanoni.com.br\/2019\/wp-content\/uploads\/2022\/03\/tg1-1068x801.jpg 1068w, https:\/\/jorgezanoni.com.br\/2019\/wp-content\/uploads\/2022\/03\/tg1-560x420.jpg 560w\" sizes=\"auto, (max-width: 1280px) 100vw, 1280px\" \/>Fonte: Com. Social Pol\u00edcia Civil<\/p>\n","protected":false},"excerpt":{"rendered":"<p>PREVEN\u00c7\u00c3O \u00c0S DROGAS: POL\u00cdCIA CIVIL MINISTRA INSTRU\u00c7\u00c3O PREVENTIVA PARA ATIRADORES REC\u00c9M-INCORPORADOS AO TIRO DE GUERRA DE DRACENA A Pol\u00edcia Civil, por interm\u00e9dio da Delegacia Seccional de Pol\u00edcia de Dracena, ministrou nesta quarta-feira (30), aula de instru\u00e7\u00e3o para cerca de 50 novos atiradores incorporados ao Tiro de Guerra de Dracena, que prestar\u00e3o o servi\u00e7o militar ao [&hellip;]<\/p>\n","protected":false},"author":1,"featured_media":61758,"comment_status":"closed","ping_status":"open","sticky":false,"template":"","format":"standard","meta":{"footnotes":""},"categories":[110,2],"tags":[],"class_list":["post-61755","post","type-post","status-publish","format-standard","has-post-thumbnail","hentry","category-noticiasdestaque","category-policial"],"_links":{"self":[{"href":"https:\/\/jorgezanoni.com.br\/2019\/wp-json\/wp\/v2\/posts\/61755","targetHints":{"allow":["GET"]}}],"collection":[{"href":"https:\/\/jorgezanoni.com.br\/2019\/wp-json\/wp\/v2\/posts"}],"about":[{"href":"https:\/\/jorgezanoni.com.br\/2019\/wp-json\/wp\/v2\/types\/post"}],"author":[{"embeddable":true,"href":"https:\/\/jorgezanoni.com.br\/2019\/wp-json\/wp\/v2\/users\/1"}],"replies":[{"embeddable":true,"href":"https:\/\/jorgezanoni.com.br\/2019\/wp-json\/wp\/v2\/comments?post=61755"}],"version-history":[{"count":0,"href":"https:\/\/jorgezanoni.com.br\/2019\/wp-json\/wp\/v2\/posts\/61755\/revisions"}],"wp:featuredmedia":[{"embeddable":true,"href":"https:\/\/jorgezanoni.com.br\/2019\/wp-json\/wp\/v2\/media\/61758"}],"wp:attachment":[{"href":"https:\/\/jorgezanoni.com.br\/2019\/wp-json\/wp\/v2\/media?parent=61755"}],"wp:term":[{"taxonomy":"category","embeddable":true,"href":"https:\/\/jorgezanoni.com.br\/2019\/wp-json\/wp\/v2\/categories?post=61755"},{"taxonomy":"post_tag","embeddable":true,"href":"https:\/\/jorgezanoni.com.br\/2019\/wp-json\/wp\/v2\/tags?post=61755"}],"curies":[{"name":"wp","href":"https:\/\/api.w.org\/{rel}","templated":true}]}}