{"id":61698,"date":"2022-03-30T01:32:29","date_gmt":"2022-03-30T01:32:29","guid":{"rendered":"https:\/\/jorgezanoni.com.br\/2019\/?p=61698"},"modified":"2022-03-30T01:32:29","modified_gmt":"2022-03-30T01:32:29","slug":"policial-penal-e-assassinado-a-tiros-em-carapicuiba-era-morador-de-monte-castelo","status":"publish","type":"post","link":"https:\/\/jorgezanoni.com.br\/2019\/policial-penal-e-assassinado-a-tiros-em-carapicuiba-era-morador-de-monte-castelo\/","title":{"rendered":"Policial penal \u00e9 assassinado a tiros em Carapicu\u00edba, era morador de Monte Castelo"},"content":{"rendered":"<p style=\"text-align: justify;\"><strong><i>Lotado no CDP 2 de Osasco, Fabio de Carvalho tinha 39 anos e estava pr\u00f3ximo a uma empresa, quando o suspeito o atingiu com um disparo na cabe\u00e7a na madrugada desta ter\u00e7a-feira(29). Crime tem caracter\u00edsticas de execu\u00e7\u00e3o, j\u00e1 que nem a arma, tampouco os documentos e o celular do servidor foram levados. Diretores do SIFUSPESP est\u00e3o prestando apoio aos familiares e acompanhando a libera\u00e7\u00e3o do corpo no IML<\/i><\/strong><\/p>\n<p style=\"text-align: justify;\"><em>por Giovanni Giocondo<\/em><\/p>\n<p style=\"text-align: justify;\">Criminosos mataram a tiros o policial penal F\u00e1bio de Carvalho na madrugada desta ter\u00e7a-feira(29), no bairro Jardim S\u00e3o Daniel, em Carapicu\u00edba, na regi\u00e3o metropolitana de S\u00e3o Paulo. Ele tinha 39 anos, morava com a fam\u00edlia no munic\u00edpio de Cotia, e era lotado no Centro de Deten\u00e7\u00e3o Provis\u00f3ria(CDP) 2 de Osasco.<\/p>\n<p style=\"text-align: justify;\">O servidor estava pr\u00f3ximo a uma empresa localizada na estrada da Gabiroba, quando levou um tiro na cabe\u00e7a. De acordo com as informa\u00e7\u00f5es do boletim de ocorr\u00eancia, registrado como homic\u00eddio, Fabio chegou a ser socorrido por policiais militares, mas infelizmente n\u00e3o resistiu aos ferimentos e faleceu\u00a0 pouco ap\u00f3s dar entrada no Hospital Geral de Carapicu\u00edba.<\/p>\n<p style=\"text-align: justify;\">O SIFUSPESP apurou que o crime aconteceu quando um suspeito que estava escondido atr\u00e1s de um caminh\u00e3o chamou pelo nome do policial penal e efetuou o disparo, sem chance de defesa para a v\u00edtima.<\/p>\n<p style=\"text-align: justify;\">Um vizinho ouviu o tiro e chamou a pol\u00edcia, que verificou que Fabio tinha na cintura sua arma de porte pessoal, al\u00e9m dos documentos e do telefone celular. O fato de o autor do disparo n\u00e3o ter levado os pertences do servidor pode colaborar com a tese de que o crime foi premeditado e tem caracter\u00edsticas de execu\u00e7\u00e3o.<\/p>\n<p style=\"text-align: justify;\">O presidente do sindicato, F\u00e1bio Jab\u00e1, e o coordenador da sede regional de Sorocaba, Wanderley Rosa J\u00fanior, est\u00e3o em Carapicu\u00edba prestando apoio aos familiares e aos colegas do servidor, al\u00e9m de aguardar a libera\u00e7\u00e3o do corpo, que est\u00e1 no Instituto M\u00e9dico Legal(IML). Natural do munic\u00edpio de Monte Castelo, o servidor deve ser sepultado em sua cidade natal.<\/p>\n<p style=\"text-align: justify;\">O SIFUSPESP tamb\u00e9m oficiou a Secretaria de Administra\u00e7\u00e3o Penitenci\u00e1ria(SAP) para que a pasta tome ci\u00eancia do caso e adote as provid\u00eancias de praxe quando do registro de casos semelhantes envolvendo servidores do sistema prisional.<\/p>\n<p style=\"text-align: justify;\">Todos os desdobramentos do crime, inclusive a busca pelo suspeito de fazer o disparo, ser\u00e3o informados pelo sindicato assim que houver atualiza\u00e7\u00f5es da investiga\u00e7\u00e3o feita pelo Instituto de Criminal\u00edstica(IC) da Pol\u00edcia Civil e a Secretaria de Seguran\u00e7a P\u00fablica(SSP).<\/p>\n<p style=\"text-align: justify;\">Fonte: https:\/\/sifuspesp.org.br\/noticias\/9646-policial-penal-e-assassinado-a-tiros-em-carapicuiba<\/p>\n<p><img loading=\"lazy\" decoding=\"async\" class=\"alignnone size-full wp-image-61699\" src=\"https:\/\/jorgezanoni.com.br\/2019\/wp-content\/uploads\/2022\/03\/Fabio.jpg\" alt=\"\" width=\"1280\" height=\"1279\" srcset=\"https:\/\/jorgezanoni.com.br\/2019\/wp-content\/uploads\/2022\/03\/Fabio.jpg 1280w, https:\/\/jorgezanoni.com.br\/2019\/wp-content\/uploads\/2022\/03\/Fabio-300x300.jpg 300w, https:\/\/jorgezanoni.com.br\/2019\/wp-content\/uploads\/2022\/03\/Fabio-1024x1024.jpg 1024w, https:\/\/jorgezanoni.com.br\/2019\/wp-content\/uploads\/2022\/03\/Fabio-150x150.jpg 150w, https:\/\/jorgezanoni.com.br\/2019\/wp-content\/uploads\/2022\/03\/Fabio-768x767.jpg 768w, https:\/\/jorgezanoni.com.br\/2019\/wp-content\/uploads\/2022\/03\/Fabio-696x695.jpg 696w, https:\/\/jorgezanoni.com.br\/2019\/wp-content\/uploads\/2022\/03\/Fabio-1068x1067.jpg 1068w, https:\/\/jorgezanoni.com.br\/2019\/wp-content\/uploads\/2022\/03\/Fabio-420x420.jpg 420w\" sizes=\"auto, (max-width: 1280px) 100vw, 1280px\" \/><\/p>\n","protected":false},"excerpt":{"rendered":"<p>Lotado no CDP 2 de Osasco, Fabio de Carvalho tinha 39 anos e estava pr\u00f3ximo a uma empresa, quando o suspeito o atingiu com um disparo na cabe\u00e7a na madrugada desta ter\u00e7a-feira(29). Crime tem caracter\u00edsticas de execu\u00e7\u00e3o, j\u00e1 que nem a arma, tampouco os documentos e o celular do servidor foram levados. Diretores do SIFUSPESP [&hellip;]<\/p>\n","protected":false},"author":1,"featured_media":61700,"comment_status":"closed","ping_status":"open","sticky":false,"template":"","format":"standard","meta":{"footnotes":""},"categories":[178,110],"tags":[],"class_list":["post-61698","post","type-post","status-publish","format-standard","has-post-thumbnail","hentry","category-notadefalecimento","category-noticiasdestaque"],"_links":{"self":[{"href":"https:\/\/jorgezanoni.com.br\/2019\/wp-json\/wp\/v2\/posts\/61698","targetHints":{"allow":["GET"]}}],"collection":[{"href":"https:\/\/jorgezanoni.com.br\/2019\/wp-json\/wp\/v2\/posts"}],"about":[{"href":"https:\/\/jorgezanoni.com.br\/2019\/wp-json\/wp\/v2\/types\/post"}],"author":[{"embeddable":true,"href":"https:\/\/jorgezanoni.com.br\/2019\/wp-json\/wp\/v2\/users\/1"}],"replies":[{"embeddable":true,"href":"https:\/\/jorgezanoni.com.br\/2019\/wp-json\/wp\/v2\/comments?post=61698"}],"version-history":[{"count":0,"href":"https:\/\/jorgezanoni.com.br\/2019\/wp-json\/wp\/v2\/posts\/61698\/revisions"}],"wp:featuredmedia":[{"embeddable":true,"href":"https:\/\/jorgezanoni.com.br\/2019\/wp-json\/wp\/v2\/media\/61700"}],"wp:attachment":[{"href":"https:\/\/jorgezanoni.com.br\/2019\/wp-json\/wp\/v2\/media?parent=61698"}],"wp:term":[{"taxonomy":"category","embeddable":true,"href":"https:\/\/jorgezanoni.com.br\/2019\/wp-json\/wp\/v2\/categories?post=61698"},{"taxonomy":"post_tag","embeddable":true,"href":"https:\/\/jorgezanoni.com.br\/2019\/wp-json\/wp\/v2\/tags?post=61698"}],"curies":[{"name":"wp","href":"https:\/\/api.w.org\/{rel}","templated":true}]}}