{"id":61617,"date":"2022-03-29T00:04:20","date_gmt":"2022-03-29T00:04:20","guid":{"rendered":"https:\/\/jorgezanoni.com.br\/2019\/?p=61617"},"modified":"2022-03-29T00:04:20","modified_gmt":"2022-03-29T00:04:20","slug":"populares-detem-homem-que-havia-praticado-furto-em-dracena-ate-a-chegada-da-policia-militar","status":"publish","type":"post","link":"https:\/\/jorgezanoni.com.br\/2019\/populares-detem-homem-que-havia-praticado-furto-em-dracena-ate-a-chegada-da-policia-militar\/","title":{"rendered":"Populares det\u00e9m homem que havia praticado furto em Dracena, at\u00e9 a chegada da Pol\u00edcia Militar"},"content":{"rendered":"<p style=\"text-align: justify;\">POL\u00cdCIA MILITAR PRENDE HOMEM EM FLAGRANTE POR FURTO EM DRACENA.<\/p>\n<p style=\"text-align: justify;\">Na data de ontem (27) por volta das 9h56min por solicita\u00e7\u00e3o via 190 para ocorr\u00eancia de desentendimento, pelo local Bairro Sol Nascente, o indiciado (homem 40 anos) estava detido por populares com v\u00e1rios objetos de furtos; um aspirador de p\u00f3, dois alicates, seis metros de fio de 4 mil\u00edmetro, uma panela de press\u00e3o, um liquidificador, uma chave mista, uma assadeira, os quais foram reconhecidas pelas v\u00edtimas, indagado o indiciado confessou que pulou o muro e arrombou a porta, e furtou os objetos.<br \/>\nNo Plant\u00e3o de Pol\u00edcia Judici\u00e1ria foi ratificada a voz de pris\u00e3o, permanecendo o autor preso a disposi\u00e7\u00e3o da Justi\u00e7a.<\/p>\n<p style=\"text-align: justify;\">Fonte: Com. Social Pol\u00edcia Militar<\/p>\n","protected":false},"excerpt":{"rendered":"<p>POL\u00cdCIA MILITAR PRENDE HOMEM EM FLAGRANTE POR FURTO EM DRACENA. Na data de ontem (27) por volta das 9h56min por solicita\u00e7\u00e3o via 190 para ocorr\u00eancia de desentendimento, pelo local Bairro Sol Nascente, o indiciado (homem 40 anos) estava detido por populares com v\u00e1rios objetos de furtos; um aspirador de p\u00f3, dois alicates, seis metros de [&hellip;]<\/p>\n","protected":false},"author":1,"featured_media":61618,"comment_status":"closed","ping_status":"open","sticky":false,"template":"","format":"standard","meta":{"footnotes":""},"categories":[110,2],"tags":[],"class_list":["post-61617","post","type-post","status-publish","format-standard","has-post-thumbnail","hentry","category-noticiasdestaque","category-policial"],"_links":{"self":[{"href":"https:\/\/jorgezanoni.com.br\/2019\/wp-json\/wp\/v2\/posts\/61617","targetHints":{"allow":["GET"]}}],"collection":[{"href":"https:\/\/jorgezanoni.com.br\/2019\/wp-json\/wp\/v2\/posts"}],"about":[{"href":"https:\/\/jorgezanoni.com.br\/2019\/wp-json\/wp\/v2\/types\/post"}],"author":[{"embeddable":true,"href":"https:\/\/jorgezanoni.com.br\/2019\/wp-json\/wp\/v2\/users\/1"}],"replies":[{"embeddable":true,"href":"https:\/\/jorgezanoni.com.br\/2019\/wp-json\/wp\/v2\/comments?post=61617"}],"version-history":[{"count":0,"href":"https:\/\/jorgezanoni.com.br\/2019\/wp-json\/wp\/v2\/posts\/61617\/revisions"}],"wp:featuredmedia":[{"embeddable":true,"href":"https:\/\/jorgezanoni.com.br\/2019\/wp-json\/wp\/v2\/media\/61618"}],"wp:attachment":[{"href":"https:\/\/jorgezanoni.com.br\/2019\/wp-json\/wp\/v2\/media?parent=61617"}],"wp:term":[{"taxonomy":"category","embeddable":true,"href":"https:\/\/jorgezanoni.com.br\/2019\/wp-json\/wp\/v2\/categories?post=61617"},{"taxonomy":"post_tag","embeddable":true,"href":"https:\/\/jorgezanoni.com.br\/2019\/wp-json\/wp\/v2\/tags?post=61617"}],"curies":[{"name":"wp","href":"https:\/\/api.w.org\/{rel}","templated":true}]}}