{"id":61607,"date":"2022-03-28T11:34:27","date_gmt":"2022-03-28T11:34:27","guid":{"rendered":"https:\/\/jorgezanoni.com.br\/2019\/?p=61607"},"modified":"2022-03-28T11:36:33","modified_gmt":"2022-03-28T11:36:33","slug":"palestra-como-alcancar-o-sucesso-para-a-sua-vida-profissional-e-pessoal-acontece-em-dracena","status":"publish","type":"post","link":"https:\/\/jorgezanoni.com.br\/2019\/palestra-como-alcancar-o-sucesso-para-a-sua-vida-profissional-e-pessoal-acontece-em-dracena\/","title":{"rendered":"Palestra \u201cComo alcan\u00e7ar o sucesso para a sua vida profissional e pessoal\u201d, acontece em Dracena"},"content":{"rendered":"<p style=\"text-align: justify;\"><strong>No dia 31 de mar\u00e7o, quinta-feira, \u00e0s 19:00 Horas, acontece em Dracena, a Palestra com o renomado palestrante Psic\u00f3logo Anuar Mamede.<\/strong><\/p>\n<p style=\"text-align: justify;\">O evento\u00a0<strong>totalmente GRATU\u00cdTO<\/strong>, ser\u00e1 nas depend\u00eancias do Audit\u00f3rio da ACE.<\/p>\n<p style=\"text-align: justify;\">A parceria \u00e9 da Associa\u00e7\u00e3o Comercial e Empresarial (ACE) de Dracena e Oeste Sa\u00fade, com apoio do Site JZ.<\/p>\n<p style=\"text-align: justify;\">Toda a comunidade dracenense est\u00e1 convidada, sendo ou n\u00e3o s\u00f3cio da ACE.<\/p>\n<p style=\"text-align: justify;\">Inscri\u00e7\u00f5es podem ser feitas com anteced\u00eancia na ACE, atrav\u00e9s do fone: <strong>99739 2562 (por Whatsapp)<\/strong><\/p>\n<p style=\"text-align: justify;\">REALIZA\u00c7\u00c3O:<\/p>\n<p style=\"text-align: justify;\">OESTE SA\u00daDE \u2013 Centro M\u00e9dico de Especialidades. FEITO PARA TODO MUNDO \u2013 Benefici\u00e1rios e n\u00e3o Benefici\u00e1rios<\/p>\n<p style=\"text-align: justify;\">EM DRACENA: Avenida Jos\u00e9 Bonif\u00e1cio, 1430, centro<\/p>\n<p style=\"text-align: justify;\">Telefone:\u00a0<a href=\"tel:1821372100\">(18) 2137-2100<\/a>\u00a0|\u00a0<a href=\"tel:1821372101\">(18) 2137-2101<\/a><\/p>\n<p style=\"text-align: justify;\">Jorge Zanoni<\/p>\n<div dir=\"auto\"><\/div>\n<div dir=\"auto\"><\/div>\n<div dir=\"auto\"><\/div>\n","protected":false},"excerpt":{"rendered":"<p>No dia 31 de mar\u00e7o, quinta-feira, \u00e0s 19:00 Horas, acontece em Dracena, a Palestra com o renomado palestrante Psic\u00f3logo Anuar Mamede. O evento\u00a0totalmente GRATU\u00cdTO, ser\u00e1 nas depend\u00eancias do Audit\u00f3rio da ACE. A parceria \u00e9 da Associa\u00e7\u00e3o Comercial e Empresarial (ACE) de Dracena e Oeste Sa\u00fade, com apoio do Site JZ. Toda a comunidade dracenense est\u00e1 [&hellip;]<\/p>\n","protected":false},"author":1,"featured_media":61610,"comment_status":"closed","ping_status":"open","sticky":false,"template":"","format":"standard","meta":{"footnotes":""},"categories":[179,184,110],"tags":[],"class_list":["post-61607","post","type-post","status-publish","format-standard","has-post-thumbnail","hentry","category-cidadeseregiao","category-dracena","category-noticiasdestaque"],"_links":{"self":[{"href":"https:\/\/jorgezanoni.com.br\/2019\/wp-json\/wp\/v2\/posts\/61607","targetHints":{"allow":["GET"]}}],"collection":[{"href":"https:\/\/jorgezanoni.com.br\/2019\/wp-json\/wp\/v2\/posts"}],"about":[{"href":"https:\/\/jorgezanoni.com.br\/2019\/wp-json\/wp\/v2\/types\/post"}],"author":[{"embeddable":true,"href":"https:\/\/jorgezanoni.com.br\/2019\/wp-json\/wp\/v2\/users\/1"}],"replies":[{"embeddable":true,"href":"https:\/\/jorgezanoni.com.br\/2019\/wp-json\/wp\/v2\/comments?post=61607"}],"version-history":[{"count":0,"href":"https:\/\/jorgezanoni.com.br\/2019\/wp-json\/wp\/v2\/posts\/61607\/revisions"}],"wp:featuredmedia":[{"embeddable":true,"href":"https:\/\/jorgezanoni.com.br\/2019\/wp-json\/wp\/v2\/media\/61610"}],"wp:attachment":[{"href":"https:\/\/jorgezanoni.com.br\/2019\/wp-json\/wp\/v2\/media?parent=61607"}],"wp:term":[{"taxonomy":"category","embeddable":true,"href":"https:\/\/jorgezanoni.com.br\/2019\/wp-json\/wp\/v2\/categories?post=61607"},{"taxonomy":"post_tag","embeddable":true,"href":"https:\/\/jorgezanoni.com.br\/2019\/wp-json\/wp\/v2\/tags?post=61607"}],"curies":[{"name":"wp","href":"https:\/\/api.w.org\/{rel}","templated":true}]}}