{"id":61560,"date":"2022-03-26T16:30:39","date_gmt":"2022-03-26T16:30:39","guid":{"rendered":"https:\/\/jorgezanoni.com.br\/2019\/?p=61560"},"modified":"2022-03-26T16:30:39","modified_gmt":"2022-03-26T16:30:39","slug":"unifadra-oferece-o-curso-de-extensao-psicologia-e-praticas-clinicas-2","status":"publish","type":"post","link":"https:\/\/jorgezanoni.com.br\/2019\/unifadra-oferece-o-curso-de-extensao-psicologia-e-praticas-clinicas-2\/","title":{"rendered":"Unifadra oferece o Curso de Extens\u00e3o: Psicologia e Pr\u00e1ticas Cl\u00ednicas"},"content":{"rendered":"<p style=\"text-align: justify;\"><span style=\"font-size: large;\">Permanecem abertas at\u00e9 o dia 25\/04 as inscri\u00e7\u00f5es para o curso de extens\u00e3o &#8220;Psicologia e Pr\u00e1ticas Cl\u00ednicas&#8221; da Unifadra Dracena, que oferece aprofundamento em tr\u00eas frentes de abordagem psicol\u00f3gica: a cognitivo-comportamental, a fenomenologia existencial e a psican\u00e1lise.<\/span><\/p>\n<p><span style=\"font-size: large;\">Promovido pelo departamento de Psicologia, o curso \u00e9 voltado a profissionais de psicologia inscritos no CRP, que dever\u00e3o optar por uma das tr\u00eas frentes propostas para ter as aulas te\u00f3ricas de aprofundamento, a atua\u00e7\u00e3o pr\u00e1tica e a supervis\u00e3o cl\u00ednica (que s\u00e3o as discuss\u00f5es de situa\u00e7\u00f5es cl\u00ednicas). Cada frente de estudo ser\u00e1 orientada por um especialista.<\/span><\/p>\n<p><span style=\"font-size: large;\">Segundo a Profa. Ma. Andrea Frizo de Carvalho Barbosa, coordenadora do curso de Psicologia da Unifadra, este curso de extens\u00e3o preconiza a atua\u00e7\u00e3o cl\u00ednica pr\u00e1tica, ou seja, o aluno vai assistir pessoas da comunidade que est\u00e3o aguardando atendimento na cl\u00ednica-escola, trazendo alguns destes casos para o espa\u00e7o supervisionado, em que essas situa\u00e7\u00f5es cl\u00ednicas ser\u00e3o discutidas visando ao desenvolvimento do processo terap\u00eautico do paciente e ao aprimoramento da forma\u00e7\u00e3o profissional dos psic\u00f3logos participantes.<\/span><\/p>\n<p><span style=\"font-size: large;\">A edi\u00e7\u00e3o 2022 ser\u00e1 organizada com carga hor\u00e1ria total de 80 horas, sendo 40 horas de atua\u00e7\u00e3o cl\u00ednica, 20 horas de supervis\u00e3o e 20 horas de aprofundamento te\u00f3rico, com atividades s\u00edncronas e ass\u00edncronas.<\/span><\/p>\n<p><span style=\"font-size: large;\">As atividades pr\u00e1ticas ser\u00e3o realizadas na cl\u00ednica-escola de Psicologia da Unifadra, promovendo e ampliando a presta\u00e7\u00e3o de servi\u00e7os de sa\u00fade mental voltados \u00e0s necessidades da popula\u00e7\u00e3o. As supervis\u00f5es e aulas de aprofundamento te\u00f3rico ser\u00e3o oferecidas por meio do Google Meet e do Ambiente Virtual de Aprendizagem da Fundec (Google for Education).<\/span><\/p>\n<p><span style=\"font-size: large;\"><b>Curso de Extens\u00e3o &#8211; Psicologia e Pr\u00e1ticas Cl\u00ednicas<\/b><\/span><br \/>\n<span style=\"font-size: large;\"><b>P\u00fablico-alvo<\/b>: psic\u00f3logos (inscritos no CRP)<\/span><br \/>\n<span style=\"font-size: large;\"><b>Frentes de abordagem<\/b>: cognitivo-comportamental, fenomenologia existencial e psican\u00e1lise<\/span><\/p>\n<p><span style=\"font-size: large;\"><b>Inscri\u00e7\u00f5es: at\u00e9 25\/04<\/b><\/span><br \/>\n<span style=\"font-size: large;\"><b>Formul\u00e1rio dispon\u00edvel em<\/b>:\u00a0<a href=\"https:\/\/forms.gle\/XZ9R5JyvQkug6uS26\" target=\"_blank\" rel=\"noopener noreferrer\">https:\/\/forms.gle\/XZ9R5JyvQkug6uS26<\/a><\/span><br \/>\n<span style=\"font-size: large;\"><b>Investimento<\/b>: R$ 780,00 (6 x R$ 130,00)<\/span><br \/>\n<span style=\"font-size: large;\"><b>Dura\u00e7\u00e3o<\/b>: 6 meses<\/span><\/p>\n<p><span style=\"font-size: large;\"><b>Mais informa\u00e7\u00f5es:<\/b><\/span><br \/>\n<span style=\"font-size: large;\">&#8211; Secretaria Geral: (18) 3821-9009<\/span><br \/>\n<span style=\"font-size: large;\">&#8211; WhatsApp: (18) 99119-2181<\/span><\/p>\n<p><img loading=\"lazy\" decoding=\"async\" class=\"alignnone size-full wp-image-61561\" src=\"https:\/\/jorgezanoni.com.br\/2019\/wp-content\/uploads\/2022\/03\/extensao-1.png\" alt=\"\" width=\"240\" height=\"240\" srcset=\"https:\/\/jorgezanoni.com.br\/2019\/wp-content\/uploads\/2022\/03\/extensao-1.png 240w, https:\/\/jorgezanoni.com.br\/2019\/wp-content\/uploads\/2022\/03\/extensao-1-150x150.png 150w\" sizes=\"auto, (max-width: 240px) 100vw, 240px\" \/><\/p>\n<p>Fonte: Depto. Comunica\u00e7\u00e3o Fundec<\/p>\n","protected":false},"excerpt":{"rendered":"<p>Permanecem abertas at\u00e9 o dia 25\/04 as inscri\u00e7\u00f5es para o curso de extens\u00e3o &#8220;Psicologia e Pr\u00e1ticas Cl\u00ednicas&#8221; da Unifadra Dracena, que oferece aprofundamento em tr\u00eas frentes de abordagem psicol\u00f3gica: a cognitivo-comportamental, a fenomenologia existencial e a psican\u00e1lise. Promovido pelo departamento de Psicologia, o curso \u00e9 voltado a profissionais de psicologia inscritos no CRP, que dever\u00e3o [&hellip;]<\/p>\n","protected":false},"author":1,"featured_media":61562,"comment_status":"closed","ping_status":"open","sticky":false,"template":"","format":"standard","meta":{"footnotes":""},"categories":[110,122],"tags":[],"class_list":["post-61560","post","type-post","status-publish","format-standard","has-post-thumbnail","hentry","category-noticiasdestaque","category-saudeeducacaoeconcurso"],"_links":{"self":[{"href":"https:\/\/jorgezanoni.com.br\/2019\/wp-json\/wp\/v2\/posts\/61560","targetHints":{"allow":["GET"]}}],"collection":[{"href":"https:\/\/jorgezanoni.com.br\/2019\/wp-json\/wp\/v2\/posts"}],"about":[{"href":"https:\/\/jorgezanoni.com.br\/2019\/wp-json\/wp\/v2\/types\/post"}],"author":[{"embeddable":true,"href":"https:\/\/jorgezanoni.com.br\/2019\/wp-json\/wp\/v2\/users\/1"}],"replies":[{"embeddable":true,"href":"https:\/\/jorgezanoni.com.br\/2019\/wp-json\/wp\/v2\/comments?post=61560"}],"version-history":[{"count":0,"href":"https:\/\/jorgezanoni.com.br\/2019\/wp-json\/wp\/v2\/posts\/61560\/revisions"}],"wp:featuredmedia":[{"embeddable":true,"href":"https:\/\/jorgezanoni.com.br\/2019\/wp-json\/wp\/v2\/media\/61562"}],"wp:attachment":[{"href":"https:\/\/jorgezanoni.com.br\/2019\/wp-json\/wp\/v2\/media?parent=61560"}],"wp:term":[{"taxonomy":"category","embeddable":true,"href":"https:\/\/jorgezanoni.com.br\/2019\/wp-json\/wp\/v2\/categories?post=61560"},{"taxonomy":"post_tag","embeddable":true,"href":"https:\/\/jorgezanoni.com.br\/2019\/wp-json\/wp\/v2\/tags?post=61560"}],"curies":[{"name":"wp","href":"https:\/\/api.w.org\/{rel}","templated":true}]}}