{"id":61542,"date":"2022-03-26T01:32:47","date_gmt":"2022-03-26T01:32:47","guid":{"rendered":"https:\/\/jorgezanoni.com.br\/2019\/?p=61542"},"modified":"2022-03-26T01:32:47","modified_gmt":"2022-03-26T01:32:47","slug":"16o-mega-feirao-de-automoveis-em-dracena","status":"publish","type":"post","link":"https:\/\/jorgezanoni.com.br\/2019\/16o-mega-feirao-de-automoveis-em-dracena\/","title":{"rendered":"16\u00ba Mega Feir\u00e3o de Autom\u00f3veis em Dracena"},"content":{"rendered":"<p style=\"text-align: justify;\">No pr\u00f3ximo final de semana, nos dias 01, 02 e 03 de abril acontece no recinto da Fapidra em Dracena, o 16\u00ba Mega Feir\u00e3o de Autom\u00f3veis.<\/p>\n<p style=\"text-align: justify;\">A melhor oferta de ve\u00edculos de toda regi\u00e3o.<\/p>\n<p style=\"text-align: justify;\">Financiamento at\u00e9 100% e isen\u00e7\u00e3o de CNH.<\/p>\n<p style=\"text-align: justify;\">Venha conferir.!!!!<\/p>\n<p><img loading=\"lazy\" decoding=\"async\" class=\"alignnone size-full wp-image-61543\" src=\"https:\/\/jorgezanoni.com.br\/2019\/wp-content\/uploads\/2022\/03\/Mega-Feirao.jpg\" alt=\"\" width=\"1080\" height=\"1080\" srcset=\"https:\/\/jorgezanoni.com.br\/2019\/wp-content\/uploads\/2022\/03\/Mega-Feirao.jpg 1080w, https:\/\/jorgezanoni.com.br\/2019\/wp-content\/uploads\/2022\/03\/Mega-Feirao-300x300.jpg 300w, https:\/\/jorgezanoni.com.br\/2019\/wp-content\/uploads\/2022\/03\/Mega-Feirao-1024x1024.jpg 1024w, https:\/\/jorgezanoni.com.br\/2019\/wp-content\/uploads\/2022\/03\/Mega-Feirao-150x150.jpg 150w, https:\/\/jorgezanoni.com.br\/2019\/wp-content\/uploads\/2022\/03\/Mega-Feirao-768x768.jpg 768w, https:\/\/jorgezanoni.com.br\/2019\/wp-content\/uploads\/2022\/03\/Mega-Feirao-696x696.jpg 696w, https:\/\/jorgezanoni.com.br\/2019\/wp-content\/uploads\/2022\/03\/Mega-Feirao-1068x1068.jpg 1068w, https:\/\/jorgezanoni.com.br\/2019\/wp-content\/uploads\/2022\/03\/Mega-Feirao-420x420.jpg 420w\" sizes=\"auto, (max-width: 1080px) 100vw, 1080px\" \/><\/p>\n","protected":false},"excerpt":{"rendered":"<p>No pr\u00f3ximo final de semana, nos dias 01, 02 e 03 de abril acontece no recinto da Fapidra em Dracena, o 16\u00ba Mega Feir\u00e3o de Autom\u00f3veis. A melhor oferta de ve\u00edculos de toda regi\u00e3o. Financiamento at\u00e9 100% e isen\u00e7\u00e3o de CNH. Venha conferir.!!!!<\/p>\n","protected":false},"author":1,"featured_media":61543,"comment_status":"closed","ping_status":"open","sticky":false,"template":"","format":"standard","meta":{"footnotes":""},"categories":[180,110],"tags":[],"class_list":["post-61542","post","type-post","status-publish","format-standard","has-post-thumbnail","hentry","category-estradastransitoveiculos","category-noticiasdestaque"],"_links":{"self":[{"href":"https:\/\/jorgezanoni.com.br\/2019\/wp-json\/wp\/v2\/posts\/61542","targetHints":{"allow":["GET"]}}],"collection":[{"href":"https:\/\/jorgezanoni.com.br\/2019\/wp-json\/wp\/v2\/posts"}],"about":[{"href":"https:\/\/jorgezanoni.com.br\/2019\/wp-json\/wp\/v2\/types\/post"}],"author":[{"embeddable":true,"href":"https:\/\/jorgezanoni.com.br\/2019\/wp-json\/wp\/v2\/users\/1"}],"replies":[{"embeddable":true,"href":"https:\/\/jorgezanoni.com.br\/2019\/wp-json\/wp\/v2\/comments?post=61542"}],"version-history":[{"count":0,"href":"https:\/\/jorgezanoni.com.br\/2019\/wp-json\/wp\/v2\/posts\/61542\/revisions"}],"wp:featuredmedia":[{"embeddable":true,"href":"https:\/\/jorgezanoni.com.br\/2019\/wp-json\/wp\/v2\/media\/61543"}],"wp:attachment":[{"href":"https:\/\/jorgezanoni.com.br\/2019\/wp-json\/wp\/v2\/media?parent=61542"}],"wp:term":[{"taxonomy":"category","embeddable":true,"href":"https:\/\/jorgezanoni.com.br\/2019\/wp-json\/wp\/v2\/categories?post=61542"},{"taxonomy":"post_tag","embeddable":true,"href":"https:\/\/jorgezanoni.com.br\/2019\/wp-json\/wp\/v2\/tags?post=61542"}],"curies":[{"name":"wp","href":"https:\/\/api.w.org\/{rel}","templated":true}]}}