{"id":61533,"date":"2022-03-25T22:54:59","date_gmt":"2022-03-25T22:54:59","guid":{"rendered":"https:\/\/jorgezanoni.com.br\/2019\/?p=61533"},"modified":"2022-03-25T22:54:59","modified_gmt":"2022-03-25T22:54:59","slug":"motociata-em-prol-dos-autistas-e-organizada-para-quarta-feira-em-dracena","status":"publish","type":"post","link":"https:\/\/jorgezanoni.com.br\/2019\/motociata-em-prol-dos-autistas-e-organizada-para-quarta-feira-em-dracena\/","title":{"rendered":"Motociata em prol dos Autistas \u00e9 organizada para quarta-feira em Dracena"},"content":{"rendered":"<div class=\"ntc_resumo_noticia sw_lato_bold\" style=\"text-align: justify;\"><strong>O evento conta com o apoio da Prefeitura, por meio do prefeito e da primeira-dama Bianca e tamb\u00e9m da Pol\u00edcia Militar.<\/strong><\/div>\n<div><\/div>\n<div class=\"ntc_descricao_noticia\">\n<div class=\"ntc_cont_descricao_noticia sw_txteditor\">\n<div style=\"text-align: justify;\">Chamar a aten\u00e7\u00e3o da comunidade para a causa autista, porque ainda muitos n\u00e3o t\u00eam conhecimento sobre o que \u00e9 o autismo:\u00a0Transtorno do Espectro do\u00a0Autismo\u00a0(TEA) \u2014 \u00e9 uma condi\u00e7\u00e3o de sa\u00fade caracterizada por d\u00e9ficit na comunica\u00e7\u00e3o social (socializa\u00e7\u00e3o e comunica\u00e7\u00e3o verbal e n\u00e3o verbal) e comportamento (interesse restrito ou hiperfoco e movimentos repetitivos).<\/div>\n<div><\/div>\n<div style=\"text-align: justify;\">Com esse intuito na semana que vem, na quarta-feira, 30, \u00e0s 19h30, ser\u00e1 promovida uma \u2018Motociata\u2019 &#8211; em prol ao autismo &#8211; no munic\u00edpio. A sa\u00edda ser\u00e1 da Pra\u00e7a Arthur Pagnozzi percorrendo as duas avenidas Presidente Roosevelt e Presidente Vargas com retorno \u00e0 Pra\u00e7a.<\/div>\n<div style=\"text-align: justify;\">\nHaver\u00e1 demonstra\u00e7\u00f5es de faixas tanto na Pra\u00e7a, no palco, quanto nos sem\u00e1foros, onde os participantes com suas motos ir\u00e3o passar. Tamb\u00e9m ser\u00e3o apresentados relatos das fam\u00edlias e suas hist\u00f3rias com rela\u00e7\u00e3o ao autismo.<\/div>\n<div style=\"text-align: justify;\">\nO cabo da Pol\u00edcia Militar Leis Luthor, \u00e9 pai do Luis Miguel, de 7 anos de idade,\u00a0que apresenta autismo,\u00a0e est\u00e1 \u00e0 frente da organiza\u00e7\u00e3o do evento que conta com o apoio da Prefeitura, por meio do prefeito Andr\u00e9 Lemos e tamb\u00e9m da primeira-dama Bianca Kozan, respons\u00e1vel pela Assist\u00eancia Social e Fundo Social de Solidariedade.<\/div>\n<div><\/div>\n<div style=\"text-align: justify;\">O policial informa que \u00e9 o segundo ano que est\u00e1 promovendo o evento,\u00a0a Motociata n\u00e3o tem cunho pol\u00edtico e, sim uma maneira\u00a0de informar a popula\u00e7\u00e3o sobre o autismo, orientar pais e inserir cada vez mais os autistas na sociedade. A Pol\u00edcia Militar dar\u00e1 apoio no trajeto aos participantes.<\/div>\n<div style=\"text-align: justify;\">\nO Dia Mundial de Conscientiza\u00e7\u00e3o sobre o Autismo \u00e9 comemorado anualmente em 2 de abril, foi institu\u00eddo pela Organiza\u00e7\u00e3o das Na\u00e7\u00f5es Unidas (ONU), com o objetivo de levar conhecimento \u00e0 popula\u00e7\u00e3o sobre o transtorno e a import\u00e2ncia do diagn\u00f3stico precoce e tratamento.<\/div>\n<div style=\"text-align: justify;\">\nO m\u00eas de abril se tornou um m\u00eas de conscientiza\u00e7\u00e3o sobre a causa.<\/div>\n<div><\/div>\n<\/div>\n<div><img loading=\"lazy\" decoding=\"async\" class=\"alignnone size-full wp-image-61534\" src=\"https:\/\/jorgezanoni.com.br\/2019\/wp-content\/uploads\/2022\/03\/moto.jpg\" alt=\"\" width=\"800\" height=\"533\" srcset=\"https:\/\/jorgezanoni.com.br\/2019\/wp-content\/uploads\/2022\/03\/moto.jpg 800w, https:\/\/jorgezanoni.com.br\/2019\/wp-content\/uploads\/2022\/03\/moto-300x200.jpg 300w, https:\/\/jorgezanoni.com.br\/2019\/wp-content\/uploads\/2022\/03\/moto-768x512.jpg 768w, https:\/\/jorgezanoni.com.br\/2019\/wp-content\/uploads\/2022\/03\/moto-696x464.jpg 696w, https:\/\/jorgezanoni.com.br\/2019\/wp-content\/uploads\/2022\/03\/moto-630x420.jpg 630w\" sizes=\"auto, (max-width: 800px) 100vw, 800px\" \/> <img loading=\"lazy\" decoding=\"async\" class=\"alignnone size-full wp-image-61535\" src=\"https:\/\/jorgezanoni.com.br\/2019\/wp-content\/uploads\/2022\/03\/moto1.jpg\" alt=\"\" width=\"800\" height=\"600\" srcset=\"https:\/\/jorgezanoni.com.br\/2019\/wp-content\/uploads\/2022\/03\/moto1.jpg 800w, https:\/\/jorgezanoni.com.br\/2019\/wp-content\/uploads\/2022\/03\/moto1-300x225.jpg 300w, https:\/\/jorgezanoni.com.br\/2019\/wp-content\/uploads\/2022\/03\/moto1-768x576.jpg 768w, https:\/\/jorgezanoni.com.br\/2019\/wp-content\/uploads\/2022\/03\/moto1-80x60.jpg 80w, https:\/\/jorgezanoni.com.br\/2019\/wp-content\/uploads\/2022\/03\/moto1-265x198.jpg 265w, https:\/\/jorgezanoni.com.br\/2019\/wp-content\/uploads\/2022\/03\/moto1-696x522.jpg 696w, https:\/\/jorgezanoni.com.br\/2019\/wp-content\/uploads\/2022\/03\/moto1-560x420.jpg 560w\" sizes=\"auto, (max-width: 800px) 100vw, 800px\" \/><\/div>\n<div>Fonte: Diretoria de Comunica\u00e7\u00e3o<\/div>\n<\/div>\n","protected":false},"excerpt":{"rendered":"<p>O evento conta com o apoio da Prefeitura, por meio do prefeito e da primeira-dama Bianca e tamb\u00e9m da Pol\u00edcia Militar. Chamar a aten\u00e7\u00e3o da comunidade para a causa autista, porque ainda muitos n\u00e3o t\u00eam conhecimento sobre o que \u00e9 o autismo:\u00a0Transtorno do Espectro do\u00a0Autismo\u00a0(TEA) \u2014 \u00e9 uma condi\u00e7\u00e3o de sa\u00fade caracterizada por d\u00e9ficit na [&hellip;]<\/p>\n","protected":false},"author":1,"featured_media":61537,"comment_status":"closed","ping_status":"open","sticky":false,"template":"","format":"standard","meta":{"footnotes":""},"categories":[179,184,110],"tags":[],"class_list":["post-61533","post","type-post","status-publish","format-standard","has-post-thumbnail","hentry","category-cidadeseregiao","category-dracena","category-noticiasdestaque"],"_links":{"self":[{"href":"https:\/\/jorgezanoni.com.br\/2019\/wp-json\/wp\/v2\/posts\/61533","targetHints":{"allow":["GET"]}}],"collection":[{"href":"https:\/\/jorgezanoni.com.br\/2019\/wp-json\/wp\/v2\/posts"}],"about":[{"href":"https:\/\/jorgezanoni.com.br\/2019\/wp-json\/wp\/v2\/types\/post"}],"author":[{"embeddable":true,"href":"https:\/\/jorgezanoni.com.br\/2019\/wp-json\/wp\/v2\/users\/1"}],"replies":[{"embeddable":true,"href":"https:\/\/jorgezanoni.com.br\/2019\/wp-json\/wp\/v2\/comments?post=61533"}],"version-history":[{"count":0,"href":"https:\/\/jorgezanoni.com.br\/2019\/wp-json\/wp\/v2\/posts\/61533\/revisions"}],"wp:featuredmedia":[{"embeddable":true,"href":"https:\/\/jorgezanoni.com.br\/2019\/wp-json\/wp\/v2\/media\/61537"}],"wp:attachment":[{"href":"https:\/\/jorgezanoni.com.br\/2019\/wp-json\/wp\/v2\/media?parent=61533"}],"wp:term":[{"taxonomy":"category","embeddable":true,"href":"https:\/\/jorgezanoni.com.br\/2019\/wp-json\/wp\/v2\/categories?post=61533"},{"taxonomy":"post_tag","embeddable":true,"href":"https:\/\/jorgezanoni.com.br\/2019\/wp-json\/wp\/v2\/tags?post=61533"}],"curies":[{"name":"wp","href":"https:\/\/api.w.org\/{rel}","templated":true}]}}