{"id":61527,"date":"2022-03-25T22:17:53","date_gmt":"2022-03-25T22:17:53","guid":{"rendered":"https:\/\/jorgezanoni.com.br\/2019\/?p=61527"},"modified":"2022-03-25T22:32:08","modified_gmt":"2022-03-25T22:32:08","slug":"prefeito-de-dracena-e-citado-em-casos-de-liberacao-de-recursos-do-mec-e-envia-nota-para-o-site-jz","status":"publish","type":"post","link":"https:\/\/jorgezanoni.com.br\/2019\/prefeito-de-dracena-e-citado-em-casos-de-liberacao-de-recursos-do-mec-e-envia-nota-para-o-site-jz\/","title":{"rendered":"Prefeito de Dracena \u00e9 citado em casos de libera\u00e7\u00e3o de recursos do MEC e envia nota para o Site JZ"},"content":{"rendered":"<div class=\"kvgmc6g5 cxmmr5t8 oygrvhab hcukyx3x c1et5uql ii04i59q\">\n<div dir=\"auto\" style=\"text-align: justify;\">Uma suposta den\u00fancia de propina para que fosse facilitada a libera\u00e7\u00e3o de recursos do MEC, envolvendo o Ministro Milton Ribeiro e um Pastor que est\u00e1 sendo amplamente divulgado pela grande m\u00eddia, cita em mat\u00e9rias e mostra em v\u00eddeos, a cidade de Dracena, onde aparecem o Prefeito Andr\u00e9 Lemos e o empres\u00e1rio Valter Fernandes.<\/div>\n<div dir=\"auto\" style=\"text-align: justify;\"><\/div>\n<\/div>\n<div dir=\"auto\" style=\"text-align: justify;\">O assunto gerou coment\u00e1rios desencontrados na popula\u00e7\u00e3o, e o Site JZ procurou o chefe do executivo dracenense, que preferiu n\u00e3o gravar v\u00eddeo, se manifestando por nota atrav\u00e9s da Assessoria de Imprensa.<\/div>\n<div dir=\"auto\" style=\"text-align: justify;\"><\/div>\n<div dir=\"auto\" style=\"text-align: justify;\"><strong>DIZ A NOTA:<\/strong><\/div>\n<div dir=\"auto\" style=\"text-align: justify;\"><strong>&#8220;A administra\u00e7\u00e3o municipal informa que n\u00e3o foi o caso de Dracena, uma vez que a reuni\u00e3o com o prefeito Andr\u00e9 Lemos n\u00e3o foi agendada por esse pastor que vem sendo citado. <\/strong><strong>O prefeito informa ainda que houve a infeliz coincid\u00eancia de que esta pessoa (no caso o pastor) j\u00e1 estava na sala junto ao ministro, na hora que o prefeito iria participar da reuni\u00e3o&#8221;.<\/strong><\/div>\n<div dir=\"auto\" style=\"text-align: justify;\"><\/div>\n<div dir=\"auto\" style=\"text-align: justify;\">\n<p>Att. Diretoria de Comunica\u00e7\u00e3o<\/p>\n<p>Veja algumas mat\u00e9rias nos links abaixo:<\/p>\n<\/div>\n<div style=\"text-align: justify;\">&#8220;&#8216;O pastor tem mais moral do que deputado&#8217;, diz prefeito recebido por Milton Ribeiro&#8221; https:\/\/oglobo.globo.com\/brasil\/o-pastor-tem-mais-moral-do-que-deputado-diz-prefeito-recebido-por-milton-ribeiro-25443566?<\/div>\n<div style=\"text-align: justify;\"><\/div>\n<p style=\"text-align: justify;\">https:\/\/globoplay.globo.com\/v\/10420599\/<\/p>\n<p style=\"text-align: justify;\">O Ministro visitou Dracena no dia 14 de fevereiro deste ano e anunciou a Escola C\u00edvico-Militar para o munic\u00edpio<\/p>\n<p style=\"text-align: justify;\">Jorge Zanoni<\/p>\n","protected":false},"excerpt":{"rendered":"<p>Uma suposta den\u00fancia de propina para que fosse facilitada a libera\u00e7\u00e3o de recursos do MEC, envolvendo o Ministro Milton Ribeiro e um Pastor que est\u00e1 sendo amplamente divulgado pela grande m\u00eddia, cita em mat\u00e9rias e mostra em v\u00eddeos, a cidade de Dracena, onde aparecem o Prefeito Andr\u00e9 Lemos e o empres\u00e1rio Valter Fernandes. O assunto [&hellip;]<\/p>\n","protected":false},"author":1,"featured_media":61528,"comment_status":"closed","ping_status":"open","sticky":false,"template":"","format":"standard","meta":{"footnotes":""},"categories":[179,184,110],"tags":[],"class_list":["post-61527","post","type-post","status-publish","format-standard","has-post-thumbnail","hentry","category-cidadeseregiao","category-dracena","category-noticiasdestaque"],"_links":{"self":[{"href":"https:\/\/jorgezanoni.com.br\/2019\/wp-json\/wp\/v2\/posts\/61527","targetHints":{"allow":["GET"]}}],"collection":[{"href":"https:\/\/jorgezanoni.com.br\/2019\/wp-json\/wp\/v2\/posts"}],"about":[{"href":"https:\/\/jorgezanoni.com.br\/2019\/wp-json\/wp\/v2\/types\/post"}],"author":[{"embeddable":true,"href":"https:\/\/jorgezanoni.com.br\/2019\/wp-json\/wp\/v2\/users\/1"}],"replies":[{"embeddable":true,"href":"https:\/\/jorgezanoni.com.br\/2019\/wp-json\/wp\/v2\/comments?post=61527"}],"version-history":[{"count":0,"href":"https:\/\/jorgezanoni.com.br\/2019\/wp-json\/wp\/v2\/posts\/61527\/revisions"}],"wp:featuredmedia":[{"embeddable":true,"href":"https:\/\/jorgezanoni.com.br\/2019\/wp-json\/wp\/v2\/media\/61528"}],"wp:attachment":[{"href":"https:\/\/jorgezanoni.com.br\/2019\/wp-json\/wp\/v2\/media?parent=61527"}],"wp:term":[{"taxonomy":"category","embeddable":true,"href":"https:\/\/jorgezanoni.com.br\/2019\/wp-json\/wp\/v2\/categories?post=61527"},{"taxonomy":"post_tag","embeddable":true,"href":"https:\/\/jorgezanoni.com.br\/2019\/wp-json\/wp\/v2\/tags?post=61527"}],"curies":[{"name":"wp","href":"https:\/\/api.w.org\/{rel}","templated":true}]}}