{"id":61451,"date":"2022-03-24T22:34:55","date_gmt":"2022-03-24T22:34:55","guid":{"rendered":"https:\/\/jorgezanoni.com.br\/2019\/?p=61451"},"modified":"2022-03-24T22:34:55","modified_gmt":"2022-03-24T22:34:55","slug":"policia-civil-cumpre-mandado-de-prisao-preventiva-contra-suspeito-por-furto-em-floricultura-em-ouro-verde","status":"publish","type":"post","link":"https:\/\/jorgezanoni.com.br\/2019\/policia-civil-cumpre-mandado-de-prisao-preventiva-contra-suspeito-por-furto-em-floricultura-em-ouro-verde\/","title":{"rendered":"Pol\u00edcia Civil cumpre mandado de Pris\u00e3o Preventiva contra suspeito por furto em Floricultura em Ouro Verde"},"content":{"rendered":"<p style=\"text-align: justify;\"><strong>POL\u00cdCIA CIVIL CUMPRE MANDADO DE PRIS\u00c3O PREVENTIVA CONTRA SUSPEITO POR FURTO EM FLORICULTURA NO MUNIC\u00cdPIO DE OURO VERDE.<\/strong><\/p>\n<p style=\"text-align: justify;\">A a\u00e7\u00e3o criminosa ocorreu em dezembro \u00faltimo em estabelecimento comercial, que tamb\u00e9m presta servi\u00e7os como correspondente banc\u00e1rio, de onde foram subtra\u00eddos cerca de R$ 1,2 mil.<\/p>\n<p style=\"text-align: justify;\">A Pol\u00edcia Civil, por interm\u00e9dio da Delegacia de Pol\u00edcia de Ouro Verde, nesta quinta-feira (24), durante a\u00e7\u00e3o de Pol\u00edcia Judici\u00e1ria visando combater o crime de furto, deu cumprimento a um mandado de pris\u00e3o preventiva em desfavor de um homem, de 29 anos. A pris\u00e3o aconteceu em uma resid\u00eancia localizada no bairro Nova Esperan\u00e7a.<\/p>\n<p style=\"text-align: justify;\">A ordem de pris\u00e3o que foi expedida pelo Poder Judici\u00e1rio da Comarca de Dracena e \u00e9 decorrente da Representa\u00e7\u00e3o pleiteada pela Autoridade Policial no bojo do Inqu\u00e9rito Policial instaurado que identificou o acusado como sendo o autor do furto na floricultura, ocorrido no final de 2021. Na ocasi\u00e3o do fato, o suspeito mediante arrombamento da porta do estabelecimento furtou aproximadamente R$1,2 mil.<\/p>\n<p style=\"text-align: justify;\">H\u00e1 ainda suspeitas que recaem sobre o homem capturado ter cometido outro delito da mesma natureza.<\/p>\n<p style=\"text-align: justify;\">No local da pris\u00e3o a Policia Civil apreendeu um bolsa transversal, tipo tiracolo, cor preta, ostentando uma marca esportiva, que \u00e9 semelhante a que o acusado usava na data do furto e foi vista em imagens de c\u00e2meras de monitoramento de seguran\u00e7a analisadas durante os trabalhos investigativos.<\/p>\n<p>Ap\u00f3s os procedimentos de Pol\u00edcia Judici\u00e1ria, o capturado foi encaminhado para audi\u00eancia de cust\u00f3dia e posteriormente ao sistema prisional.<\/p>\n<p><img loading=\"lazy\" decoding=\"async\" class=\"alignnone size-full wp-image-61452\" src=\"https:\/\/jorgezanoni.com.br\/2019\/wp-content\/uploads\/2022\/03\/ov1.jpg\" alt=\"\" width=\"835\" height=\"501\" srcset=\"https:\/\/jorgezanoni.com.br\/2019\/wp-content\/uploads\/2022\/03\/ov1.jpg 835w, https:\/\/jorgezanoni.com.br\/2019\/wp-content\/uploads\/2022\/03\/ov1-300x180.jpg 300w, https:\/\/jorgezanoni.com.br\/2019\/wp-content\/uploads\/2022\/03\/ov1-768x461.jpg 768w, https:\/\/jorgezanoni.com.br\/2019\/wp-content\/uploads\/2022\/03\/ov1-696x418.jpg 696w, https:\/\/jorgezanoni.com.br\/2019\/wp-content\/uploads\/2022\/03\/ov1-700x420.jpg 700w\" sizes=\"auto, (max-width: 835px) 100vw, 835px\" \/><\/p>\n<p style=\"text-align: justify;\">Fonte: Com. Social Pol\u00edcia Civil<\/p>\n","protected":false},"excerpt":{"rendered":"<p>POL\u00cdCIA CIVIL CUMPRE MANDADO DE PRIS\u00c3O PREVENTIVA CONTRA SUSPEITO POR FURTO EM FLORICULTURA NO MUNIC\u00cdPIO DE OURO VERDE. A a\u00e7\u00e3o criminosa ocorreu em dezembro \u00faltimo em estabelecimento comercial, que tamb\u00e9m presta servi\u00e7os como correspondente banc\u00e1rio, de onde foram subtra\u00eddos cerca de R$ 1,2 mil. A Pol\u00edcia Civil, por interm\u00e9dio da Delegacia de Pol\u00edcia de Ouro [&hellip;]<\/p>\n","protected":false},"author":1,"featured_media":61454,"comment_status":"closed","ping_status":"open","sticky":false,"template":"","format":"standard","meta":{"footnotes":""},"categories":[110,2],"tags":[],"class_list":["post-61451","post","type-post","status-publish","format-standard","has-post-thumbnail","hentry","category-noticiasdestaque","category-policial"],"_links":{"self":[{"href":"https:\/\/jorgezanoni.com.br\/2019\/wp-json\/wp\/v2\/posts\/61451","targetHints":{"allow":["GET"]}}],"collection":[{"href":"https:\/\/jorgezanoni.com.br\/2019\/wp-json\/wp\/v2\/posts"}],"about":[{"href":"https:\/\/jorgezanoni.com.br\/2019\/wp-json\/wp\/v2\/types\/post"}],"author":[{"embeddable":true,"href":"https:\/\/jorgezanoni.com.br\/2019\/wp-json\/wp\/v2\/users\/1"}],"replies":[{"embeddable":true,"href":"https:\/\/jorgezanoni.com.br\/2019\/wp-json\/wp\/v2\/comments?post=61451"}],"version-history":[{"count":0,"href":"https:\/\/jorgezanoni.com.br\/2019\/wp-json\/wp\/v2\/posts\/61451\/revisions"}],"wp:featuredmedia":[{"embeddable":true,"href":"https:\/\/jorgezanoni.com.br\/2019\/wp-json\/wp\/v2\/media\/61454"}],"wp:attachment":[{"href":"https:\/\/jorgezanoni.com.br\/2019\/wp-json\/wp\/v2\/media?parent=61451"}],"wp:term":[{"taxonomy":"category","embeddable":true,"href":"https:\/\/jorgezanoni.com.br\/2019\/wp-json\/wp\/v2\/categories?post=61451"},{"taxonomy":"post_tag","embeddable":true,"href":"https:\/\/jorgezanoni.com.br\/2019\/wp-json\/wp\/v2\/tags?post=61451"}],"curies":[{"name":"wp","href":"https:\/\/api.w.org\/{rel}","templated":true}]}}