{"id":61446,"date":"2022-03-24T22:16:18","date_gmt":"2022-03-24T22:16:18","guid":{"rendered":"https:\/\/jorgezanoni.com.br\/2019\/?p=61446"},"modified":"2022-03-24T22:16:18","modified_gmt":"2022-03-24T22:16:18","slug":"policia-civil-e-palestra-vocacional-aconteceu-em-escola-do-jardim-brasilandia","status":"publish","type":"post","link":"https:\/\/jorgezanoni.com.br\/2019\/policia-civil-e-palestra-vocacional-aconteceu-em-escola-do-jardim-brasilandia\/","title":{"rendered":"Pol\u00edcia Civil e Palestra Vocacional aconteceu em Escola do Jardim Brasil\u00e2ndia"},"content":{"rendered":"<p style=\"text-align: justify;\">POL\u00cdCIA CIVIL E PALESTRA VOCACIONAL<\/p>\n<p>A Pol\u00edcia Civil do Estado de S\u00e3o Paulo, representada pelo Delegado de Pol\u00edcia e professor da Academia de Pol\u00edcia, Dr. F\u00e9res Curi Karan, ministrou palestra na Escola Estadual \u201cAlfredo Machado\u201d, no Jardim Brasil\u00e2ndia em Dracena-SP, na data de 23.03.22, logo pela manh\u00e3, no in\u00edcio das aulas, atendendo gentil convite formulado pela dire\u00e7\u00e3o da escola.<\/p>\n<p style=\"text-align: justify;\">A palestra foi ministrada a estudantes dos 6\u00ba e 7\u00ba anos do Ensino Fundamental.<\/p>\n<p style=\"text-align: justify;\">Durante sua exposi\u00e7\u00e3o, foram apresentados v\u00eddeos de motiva\u00e7\u00e3o e institucional da Pol\u00edcia Civil. O palestrante interagiu com os alunos, respondendo perguntas e tamb\u00e9m prestando informa\u00e7\u00f5es sobre tr\u00e2nsito, mostrando a Pol\u00edcia Civil como uma institui\u00e7\u00e3o que est\u00e1 sempre ao lado da popula\u00e7\u00e3o, auxiliando, informando, educando, enfim, prestando um grande servi\u00e7o at\u00e9 mesmo de assistencial, que al\u00e9m de cumprir sua fun\u00e7\u00e3o constitucional de investiga\u00e7\u00e3o criminal, busca sempre melhorar e engrandecer a qualidade de vida da popula\u00e7\u00e3o e dos usu\u00e1rios dos servi\u00e7os p\u00fablicos policiais.<\/p>\n<p style=\"text-align: justify;\">O objetivo do evento est\u00e1 em despertar jovens talentos a possibilidade de trilhar uma carreira de sucesso nos quadros da Pol\u00edcia Civil.<\/p>\n<p style=\"text-align: justify;\">A Pol\u00edcia Civil lembra que est\u00e3o abertas at\u00e9 o dia 01\/04\/22 as inscri\u00e7\u00f5es para concurso p\u00fablico, sendo que na regi\u00e3o de Presidente Prudente, h\u00e1 26 vagas para a carreira de Investigador de Pol\u00edcia e 52 vagas para Escriv\u00e3o de Pol\u00edcia, ambos exigem n\u00edvel superior.<\/p>\n<p><img loading=\"lazy\" decoding=\"async\" class=\"alignnone size-full wp-image-61447\" src=\"https:\/\/jorgezanoni.com.br\/2019\/wp-content\/uploads\/2022\/03\/voca.jpg\" alt=\"\" width=\"960\" height=\"1280\" srcset=\"https:\/\/jorgezanoni.com.br\/2019\/wp-content\/uploads\/2022\/03\/voca.jpg 960w, https:\/\/jorgezanoni.com.br\/2019\/wp-content\/uploads\/2022\/03\/voca-225x300.jpg 225w, https:\/\/jorgezanoni.com.br\/2019\/wp-content\/uploads\/2022\/03\/voca-768x1024.jpg 768w, https:\/\/jorgezanoni.com.br\/2019\/wp-content\/uploads\/2022\/03\/voca-696x928.jpg 696w, https:\/\/jorgezanoni.com.br\/2019\/wp-content\/uploads\/2022\/03\/voca-315x420.jpg 315w\" sizes=\"auto, (max-width: 960px) 100vw, 960px\" \/> <img loading=\"lazy\" decoding=\"async\" class=\"alignnone size-full wp-image-61448\" src=\"https:\/\/jorgezanoni.com.br\/2019\/wp-content\/uploads\/2022\/03\/voca1.jpg\" alt=\"\" width=\"1280\" height=\"960\" srcset=\"https:\/\/jorgezanoni.com.br\/2019\/wp-content\/uploads\/2022\/03\/voca1.jpg 1280w, https:\/\/jorgezanoni.com.br\/2019\/wp-content\/uploads\/2022\/03\/voca1-300x225.jpg 300w, https:\/\/jorgezanoni.com.br\/2019\/wp-content\/uploads\/2022\/03\/voca1-1024x768.jpg 1024w, https:\/\/jorgezanoni.com.br\/2019\/wp-content\/uploads\/2022\/03\/voca1-768x576.jpg 768w, https:\/\/jorgezanoni.com.br\/2019\/wp-content\/uploads\/2022\/03\/voca1-80x60.jpg 80w, https:\/\/jorgezanoni.com.br\/2019\/wp-content\/uploads\/2022\/03\/voca1-265x198.jpg 265w, https:\/\/jorgezanoni.com.br\/2019\/wp-content\/uploads\/2022\/03\/voca1-696x522.jpg 696w, https:\/\/jorgezanoni.com.br\/2019\/wp-content\/uploads\/2022\/03\/voca1-1068x801.jpg 1068w, https:\/\/jorgezanoni.com.br\/2019\/wp-content\/uploads\/2022\/03\/voca1-560x420.jpg 560w\" sizes=\"auto, (max-width: 1280px) 100vw, 1280px\" \/><\/p>\n<p style=\"text-align: justify;\">Fonte: Com. Social Pol\u00edcia Civil<\/p>\n","protected":false},"excerpt":{"rendered":"<p>POL\u00cdCIA CIVIL E PALESTRA VOCACIONAL A Pol\u00edcia Civil do Estado de S\u00e3o Paulo, representada pelo Delegado de Pol\u00edcia e professor da Academia de Pol\u00edcia, Dr. F\u00e9res Curi Karan, ministrou palestra na Escola Estadual \u201cAlfredo Machado\u201d, no Jardim Brasil\u00e2ndia em Dracena-SP, na data de 23.03.22, logo pela manh\u00e3, no in\u00edcio das aulas, atendendo gentil convite formulado [&hellip;]<\/p>\n","protected":false},"author":1,"featured_media":61449,"comment_status":"closed","ping_status":"open","sticky":false,"template":"","format":"standard","meta":{"footnotes":""},"categories":[110,2],"tags":[],"class_list":["post-61446","post","type-post","status-publish","format-standard","has-post-thumbnail","hentry","category-noticiasdestaque","category-policial"],"_links":{"self":[{"href":"https:\/\/jorgezanoni.com.br\/2019\/wp-json\/wp\/v2\/posts\/61446","targetHints":{"allow":["GET"]}}],"collection":[{"href":"https:\/\/jorgezanoni.com.br\/2019\/wp-json\/wp\/v2\/posts"}],"about":[{"href":"https:\/\/jorgezanoni.com.br\/2019\/wp-json\/wp\/v2\/types\/post"}],"author":[{"embeddable":true,"href":"https:\/\/jorgezanoni.com.br\/2019\/wp-json\/wp\/v2\/users\/1"}],"replies":[{"embeddable":true,"href":"https:\/\/jorgezanoni.com.br\/2019\/wp-json\/wp\/v2\/comments?post=61446"}],"version-history":[{"count":0,"href":"https:\/\/jorgezanoni.com.br\/2019\/wp-json\/wp\/v2\/posts\/61446\/revisions"}],"wp:featuredmedia":[{"embeddable":true,"href":"https:\/\/jorgezanoni.com.br\/2019\/wp-json\/wp\/v2\/media\/61449"}],"wp:attachment":[{"href":"https:\/\/jorgezanoni.com.br\/2019\/wp-json\/wp\/v2\/media?parent=61446"}],"wp:term":[{"taxonomy":"category","embeddable":true,"href":"https:\/\/jorgezanoni.com.br\/2019\/wp-json\/wp\/v2\/categories?post=61446"},{"taxonomy":"post_tag","embeddable":true,"href":"https:\/\/jorgezanoni.com.br\/2019\/wp-json\/wp\/v2\/tags?post=61446"}],"curies":[{"name":"wp","href":"https:\/\/api.w.org\/{rel}","templated":true}]}}